{"id":1367,"date":"2026-03-03T11:59:26","date_gmt":"2026-03-03T11:59:26","guid":{"rendered":"https:\/\/brasillacrosse.com\/?p=1367"},"modified":"2026-03-12T12:23:47","modified_gmt":"2026-03-12T12:23:47","slug":"the-cbl-participates-in-the-safe-sport-forum-hosted-by-the-brazilian-olympic-committee-cob","status":"publish","type":"post","link":"https:\/\/brasillacrosse.com\/pt\/the-cbl-participates-in-the-safe-sport-forum-hosted-by-the-brazilian-olympic-committee-cob\/","title":{"rendered":"CBL participa do F\u00f3rum Esporte Seguro promovido pelo COB"},"content":{"rendered":"<div data-elementor-type=\"wp-post\" data-elementor-id=\"1367\" class=\"elementor elementor-1367\">\n\t\t\t\t\t\t<section class=\"elementor-section elementor-top-section elementor-element elementor-element-5b1e5b16 elementor-section-boxed elementor-section-height-default elementor-section-height-default\" data-id=\"5b1e5b16\" data-element_type=\"section\" data-e-type=\"section\">\n\t\t\t\t\t\t<div class=\"elementor-container elementor-column-gap-default\">\n\t\t\t\t\t<div class=\"elementor-column elementor-col-100 elementor-top-column elementor-element elementor-element-7b896965\" data-id=\"7b896965\" data-element_type=\"column\" data-e-type=\"column\">\n\t\t\t<div class=\"elementor-widget-wrap elementor-element-populated\">\n\t\t\t\t\t\t<section class=\"elementor-section elementor-inner-section elementor-element elementor-element-1119d29b elementor-section-boxed elementor-section-height-default elementor-section-height-default\" data-id=\"1119d29b\" data-element_type=\"section\" data-e-type=\"section\">\n\t\t\t\t\t\t<div class=\"elementor-container elementor-column-gap-default\">\n\t\t\t\t\t<div class=\"elementor-column elementor-col-50 elementor-inner-column elementor-element elementor-element-2d6a1208\" data-id=\"2d6a1208\" data-element_type=\"column\" data-e-type=\"column\">\n\t\t\t<div class=\"elementor-widget-wrap elementor-element-populated\">\n\t\t\t\t\t\t<div class=\"elementor-element elementor-element-286d5edd elementor-widget elementor-widget-heading\" data-id=\"286d5edd\" data-element_type=\"widget\" data-e-type=\"widget\" data-widget_type=\"heading.default\">\n\t\t\t\t<div class=\"elementor-widget-container\">\n\t\t\t\t\t<h1 class=\"elementor-heading-title elementor-size-default\">CBL participa do F\u00f3rum Esporte Seguro promovido pelo COB<\/h1>\t\t\t\t<\/div>\n\t\t\t\t<\/div>\n\t\t\t\t<div class=\"elementor-element elementor-element-5d011431 elementor-widget elementor-widget-image\" data-id=\"5d011431\" data-element_type=\"widget\" data-e-type=\"widget\" data-widget_type=\"image.default\">\n\t\t\t\t<div class=\"elementor-widget-container\">\n\t\t\t\t\t\t\t\t\t\t\t\t\t\t\t<img fetchpriority=\"high\" decoding=\"async\" width=\"1024\" height=\"768\" src=\"https:\/\/brasillacrosse.com\/wp-content\/uploads\/2026\/03\/Esporte_Seguro-1024x768.jpeg\" class=\"attachment-large size-large wp-image-1370\" alt=\"The CBL Participates in the Safe Sport Forum Hosted by the Brazilian Olympic Committee (COB)\" srcset=\"https:\/\/brasillacrosse.com\/wp-content\/uploads\/2026\/03\/Esporte_Seguro-1024x768.jpeg 1024w, https:\/\/brasillacrosse.com\/wp-content\/uploads\/2026\/03\/Esporte_Seguro-300x225.jpeg 300w, https:\/\/brasillacrosse.com\/wp-content\/uploads\/2026\/03\/Esporte_Seguro-768x576.jpeg 768w, https:\/\/brasillacrosse.com\/wp-content\/uploads\/2026\/03\/Esporte_Seguro-16x12.jpeg 16w, https:\/\/brasillacrosse.com\/wp-content\/uploads\/2026\/03\/Esporte_Seguro.jpeg 1156w\" sizes=\"(max-width: 1024px) 100vw, 1024px\" \/>\t\t\t\t\t\t\t\t\t\t\t\t\t\t\t<\/div>\n\t\t\t\t<\/div>\n\t\t\t\t<div class=\"elementor-element elementor-element-42d3cc9c elementor-widget elementor-widget-text-editor\" data-id=\"42d3cc9c\" data-element_type=\"widget\" data-e-type=\"widget\" data-widget_type=\"text-editor.default\">\n\t\t\t\t<div class=\"elementor-widget-container\">\n\t\t\t\t\t\t\t\t\t<p><span style=\"font-weight: 400;\">Em novembro, o Vice-Presidente da Confedera\u00e7\u00e3o Brasileira de Lacrosse (CBL), Celso S. Tanabe, juntamente com o l\u00edder operacional Eduardo Medeiros, representaram a CBL no F\u00f3rum Esporte Seguro, realizado no Rio de Janeiro e promovido pelo Comit\u00ea Ol\u00edmpico Brasileiro (COB).<\/span><\/p>\n<p><a href=\"https:\/\/drive.google.com\/file\/d\/1t4tz-Px4olO-7m1_V848JbZGzts1v2gj\/view?usp=drive_link\"><span style=\"font-weight: 400;\">Photo: Esporte Seguro<\/span><\/a><\/p>\t\t\t\t\t\t\t\t<\/div>\n\t\t\t\t<\/div>\n\t\t\t\t<div class=\"elementor-element elementor-element-a159479 elementor-widget elementor-widget-text-editor\" data-id=\"a159479\" data-element_type=\"widget\" data-e-type=\"widget\" data-widget_type=\"text-editor.default\">\n\t\t\t\t<div class=\"elementor-widget-container\">\n\t\t\t\t\t\t\t\t\t<p><span style=\"font-weight: 400;\">O evento reuniu dirigentes e profissionais do esporte nacional para discutir temas centrais relacionados \u00e0 \u00e9tica, integridade e prote\u00e7\u00e3o no ambiente esportivo, com palestras e pain\u00e9is de alta relev\u00e2ncia. Entre os destaques estiveram os temas \u201c\u00c9tica e Integridade no Esporte\u201d, \u201cRegulamenta\u00e7\u00e3o e Legisla\u00e7\u00e3o\u201d e \u201cPreven\u00e7\u00e3o e Detec\u00e7\u00e3o da Manipula\u00e7\u00e3o de Resultados\u201d, refor\u00e7ando a import\u00e2ncia de pol\u00edticas claras e a\u00e7\u00f5es preventivas nas organiza\u00e7\u00f5es esportivas.<\/span><\/p>\n<p>\u00a0<\/p>\n<p><span style=\"font-weight: 400;\">Durante o f\u00f3rum, tamb\u00e9m foi abordada a integra\u00e7\u00e3o entre o COB e o Comit\u00ea Ol\u00edmpico Internacional (COI), al\u00e9m de debates atuais sobre a Lei das BETs, fluxos de recursos e repasses, e o impacto crescente das casas de apostas no esporte. Casos recentes de manipula\u00e7\u00e3o de resultados foram apresentados, gerando reflex\u00f5es importantes sobre a necessidade de sistemas de monitoramento, educa\u00e7\u00e3o e planejamento estrat\u00e9gico para coibir pr\u00e1ticas que colocam em risco a credibilidade esportiva.<\/span><\/p>\n<p>\u00a0<\/p>\n<p><span style=\"font-weight: 400;\">Outros temas fundamentais, como igualdade de g\u00eanero e os diversos tipos de ass\u00e9dio no esporte, tamb\u00e9m estiveram em pauta. O COB refor\u00e7ou a import\u00e2ncia do engajamento das entidades filiadas nos cursos e forma\u00e7\u00f5es espec\u00edficas oferecidos em sua plataforma virtual, como ferramenta essencial de conscientiza\u00e7\u00e3o e preven\u00e7\u00e3o.<\/span><\/p>\n<p>\u00a0<\/p>\n<p><span style=\"font-weight: 400;\">A participa\u00e7\u00e3o da CBL no F\u00f3rum Esporte Seguro refor\u00e7a o compromisso da Confedera\u00e7\u00e3o com a boa governan\u00e7a, integridade esportiva e prote\u00e7\u00e3o de atletas, dirigentes e envolvidos. As pol\u00edticas internas da CBL relacionadas a esses temas est\u00e3o atualmente em discuss\u00e3o e formula\u00e7\u00e3o e, nos pr\u00f3ximos meses, a Confedera\u00e7\u00e3o promover\u00e1 orienta\u00e7\u00f5es e a\u00e7\u00f5es educativas voltadas \u00e0 promo\u00e7\u00e3o de um ambiente seguro, \u00e9tico e respons\u00e1vel para o desenvolvimento do lacrosse no Brasil.<\/span><\/p>\t\t\t\t\t\t\t\t<\/div>\n\t\t\t\t<\/div>\n\t\t\t\t\t<\/div>\n\t\t<\/div>\n\t\t\t\t<div class=\"elementor-column elementor-col-50 elementor-inner-column elementor-element elementor-element-b973c1f\" data-id=\"b973c1f\" data-element_type=\"column\" data-e-type=\"column\" data-settings=\"{&quot;background_background&quot;:&quot;classic&quot;}\">\n\t\t\t<div class=\"elementor-widget-wrap elementor-element-populated\">\n\t\t\t\t\t\t<div class=\"elementor-element elementor-element-52acd3a6 elementor-widget elementor-widget-heading\" data-id=\"52acd3a6\" data-element_type=\"widget\" data-e-type=\"widget\" data-widget_type=\"heading.default\">\n\t\t\t\t<div class=\"elementor-widget-container\">\n\t\t\t\t\t<h2 class=\"elementor-heading-title elementor-size-default\">Mais not\u00edcias e blogs para descobrir<\/h2>\t\t\t\t<\/div>\n\t\t\t\t<\/div>\n\t\t\t\t<div class=\"elementor-element elementor-element-85c3415 elementor-widget elementor-widget-elementskit-blog-posts\" data-id=\"85c3415\" data-element_type=\"widget\" data-e-type=\"widget\" data-widget_type=\"elementskit-blog-posts.default\">\n\t\t\t\t<div class=\"elementor-widget-container\">\n\t\t\t\t\t<div class=\"ekit-wid-con\" >        <div id=\"post-items--85c3415\" class=\"row post-items\">\n                    <div class=\"col-md-12\">\n\n                                    <div class=\"elementskit-blog-block-post\">\n                        <div class=\"row no-gutters\">\n                            \n                            <div class=\"col-md-12 order-2\">\n                                <div class=\"elementskit-post-body\">\n                                    <div class=\"elementskit-entry-header\">\n                                        \n                                                                                            \t\t\t\t\t                                            \n                                            \n                                                                                            \t\t\t\t<h2 class=\"entry-title\">\n\t\t\t\t\t<a href=\"https:\/\/brasillacrosse.com\/pt\/titus-andrew-sousa-chapman-makes-history-at-the-premio-brasil-olimpico\/\">\n\t\t\t\t\t\tTitus Andrew Sousa Chapman faz hist\u00f3ria no Pr\u00eamio Brasil\u2026\t\t\t\t\t<\/a>\n\t\t\t\t<\/h2>\n\t\t\t                                                                                <\/div><!-- .elementskit-entry-header END -->\n\n                                                                            <div class=\"elementskit-post-footer\">\n                                                                                            <p>Titus Andrew Sousa Chapman faz hist\u00f3ria no Pr\u00eamio Brasil Ol\u00edmpico\nCr\u00e9ditos da foto: Vanessa Velasquez\n11 de dezembro de 2025\nO brasileiro\u2026<\/p>\n                                                                                                                                <\/div><!-- .elementskit-post-footer END -->\n                                                                    <\/div><!-- .elementskit-post-body END -->\n                            <\/div>\n                        <\/div>\n                    <\/div><!-- .elementskit-blog-block-post .radius .gradient-bg END -->\n                \n            <\/div>\n                    <div class=\"col-md-12\">\n\n                                    <div class=\"elementskit-blog-block-post\">\n                        <div class=\"row no-gutters\">\n                            \n                            <div class=\"col-md-12 order-2\">\n                                <div class=\"elementskit-post-body\">\n                                    <div class=\"elementskit-entry-header\">\n                                        \n                                                                                            \t\t\t\t\t                                            \n                                            \n                                                                                            \t\t\t\t<h2 class=\"entry-title\">\n\t\t\t\t\t<a href=\"https:\/\/brasillacrosse.com\/pt\/the-cbl-participates-in-the-safe-sport-forum-hosted-by-the-brazilian-olympic-committee-cob\/\">\n\t\t\t\t\t\tA CBL participa do F\u00f3rum de Esporte Seguro organizado por\u2026\t\t\t\t\t<\/a>\n\t\t\t\t<\/h2>\n\t\t\t                                                                                <\/div><!-- .elementskit-entry-header END -->\n\n                                                                            <div class=\"elementskit-post-footer\">\n                                                                                            <p>A CBL participa do F\u00f3rum de Esporte Seguro organizado pelo Comit\u00ea Ol\u00edmpico do Brasil (COB)\nEm novembro, o Vice-Presidente\u2026<\/p>\n                                                                                                                                <\/div><!-- .elementskit-post-footer END -->\n                                                                    <\/div><!-- .elementskit-post-body END -->\n                            <\/div>\n                        <\/div>\n                    <\/div><!-- .elementskit-blog-block-post .radius .gradient-bg END -->\n                \n            <\/div>\n                    <div class=\"col-md-12\">\n\n                                    <div class=\"elementskit-blog-block-post\">\n                        <div class=\"row no-gutters\">\n                            \n                            <div class=\"col-md-12 order-2\">\n                                <div class=\"elementskit-post-body\">\n                                    <div class=\"elementskit-entry-header\">\n                                        \n                                                                                            \t\t\t\t\t                                            \n                                            \n                                                                                            \t\t\t\t<h2 class=\"entry-title\">\n\t\t\t\t\t<a href=\"https:\/\/brasillacrosse.com\/pt\/interview-brasil-lacrosse\/\">\n\t\t\t\t\t\ts\u00e9rie de entrevistas no canal do Brasil Lacrosse\t\t\t\t\t<\/a>\n\t\t\t\t<\/h2>\n\t\t\t                                                                                <\/div><!-- .elementskit-entry-header END -->\n\n                                                                            <div class=\"elementskit-post-footer\">\n                                                                                            <p>Entrevista com a equipe Brasil Lacrosse\nVISITE NOSSO CANAL NO YOUTUBE\nExplore o lacrosse no Brasil com o canal do Brasil Lacrosse no YouTube\nSe\u2026<\/p>\n                                                                                                                                <\/div><!-- .elementskit-post-footer END -->\n                                                                    <\/div><!-- .elementskit-post-body END -->\n                            <\/div>\n                        <\/div>\n                    <\/div><!-- .elementskit-blog-block-post .radius .gradient-bg END -->\n                \n            <\/div>\n                <\/div>\n       <\/div>\t\t\t\t<\/div>\n\t\t\t\t<\/div>\n\t\t\t\t\t<\/div>\n\t\t<\/div>\n\t\t\t\t\t<\/div>\n\t\t<\/section>\n\t\t\t\t\t<\/div>\n\t\t<\/div>\n\t\t\t\t\t<\/div>\n\t\t<\/section>\n\t\t\t\t<\/div>","protected":false},"excerpt":{"rendered":"<p>The CBL Participates in the Safe Sport Forum Hosted by the Brazilian Olympic Committee (COB) In November, the Vice President [&hellip;]<\/p>\n","protected":false},"author":1,"featured_media":1370,"comment_status":"open","ping_status":"open","sticky":false,"template":"elementor_header_footer","format":"standard","meta":{"site-sidebar-layout":"default","site-content-layout":"","ast-site-content-layout":"","site-content-style":"default","site-sidebar-style":"default","ast-global-header-display":"disabled","ast-banner-title-visibility":"","ast-main-header-display":"","ast-hfb-above-header-display":"","ast-hfb-below-header-display":"","ast-hfb-mobile-header-display":"","site-post-title":"","ast-breadcrumbs-content":"","ast-featured-img":"","footer-sml-layout":"","theme-transparent-header-meta":"","adv-header-id-meta":"","stick-header-meta":"","header-above-stick-meta":"","header-main-stick-meta":"","header-below-stick-meta":"","astra-migrate-meta-layouts":"default","ast-page-background-enabled":"default","ast-page-background-meta":{"desktop":{"background-color":"var(--ast-global-color-4)","background-image":"","background-repeat":"repeat","background-position":"center center","background-size":"auto","background-attachment":"scroll","background-type":"","background-media":"","overlay-type":"","overlay-color":"","overlay-gradient":""},"tablet":{"background-color":"","background-image":"","background-repeat":"repeat","background-position":"center center","background-size":"auto","background-attachment":"scroll","background-type":"","background-media":"","overlay-type":"","overlay-color":"","overlay-gradient":""},"mobile":{"background-color":"","background-image":"","background-repeat":"repeat","background-position":"center center","background-size":"auto","background-attachment":"scroll","background-type":"","background-media":"","overlay-type":"","overlay-color":"","overlay-gradient":""}},"ast-content-background-meta":{"desktop":{"background-color":"var(--ast-global-color-5)","background-image":"","background-repeat":"repeat","background-position":"center center","background-size":"auto","background-attachment":"scroll","background-type":"","background-media":"","overlay-type":"","overlay-color":"","overlay-gradient":""},"tablet":{"background-color":"var(--ast-global-color-5)","background-image":"","background-repeat":"repeat","background-position":"center center","background-size":"auto","background-attachment":"scroll","background-type":"","background-media":"","overlay-type":"","overlay-color":"","overlay-gradient":""},"mobile":{"background-color":"var(--ast-global-color-5)","background-image":"","background-repeat":"repeat","background-position":"center center","background-size":"auto","background-attachment":"scroll","background-type":"","background-media":"","overlay-type":"","overlay-color":"","overlay-gradient":""}},"footnotes":""},"categories":[1],"tags":[],"class_list":["post-1367","post","type-post","status-publish","format-standard","has-post-thumbnail","hentry","category-blog"],"yoast_head":"<!-- This site is optimized with the Yoast SEO plugin v27.5 - https:\/\/yoast.com\/product\/yoast-seo-wordpress\/ -->\n<title>The CBL Participates in the Safe Sport Forum Hosted by the Brazilian Olympic Committee (COB) - THE BRAZILIAN LACROSSE CONFEDERATION<\/title>\n<meta name=\"robots\" content=\"index, follow, max-snippet:-1, max-image-preview:large, max-video-preview:-1\" \/>\n<link rel=\"canonical\" href=\"https:\/\/brasillacrosse.com\/pt\/the-cbl-participates-in-the-safe-sport-forum-hosted-by-the-brazilian-olympic-committee-cob\/\" \/>\n<meta property=\"og:locale\" content=\"pt_BR\" \/>\n<meta property=\"og:type\" content=\"article\" \/>\n<meta property=\"og:title\" content=\"The CBL Participates in the Safe Sport Forum Hosted by the Brazilian Olympic Committee (COB) - THE BRAZILIAN LACROSSE CONFEDERATION\" \/>\n<meta property=\"og:description\" content=\"The CBL Participates in the Safe Sport Forum Hosted by the Brazilian Olympic Committee (COB) In November, the Vice President [&hellip;]\" \/>\n<meta property=\"og:url\" content=\"https:\/\/brasillacrosse.com\/pt\/the-cbl-participates-in-the-safe-sport-forum-hosted-by-the-brazilian-olympic-committee-cob\/\" \/>\n<meta property=\"og:site_name\" content=\"THE BRAZILIAN LACROSSE CONFEDERATION\" \/>\n<meta property=\"article:published_time\" content=\"2026-03-03T11:59:26+00:00\" \/>\n<meta property=\"article:modified_time\" content=\"2026-03-12T12:23:47+00:00\" \/>\n<meta property=\"og:image\" content=\"https:\/\/brasillacrosse.com\/wp-content\/uploads\/2026\/03\/Esporte_Seguro.jpeg\" \/>\n\t<meta property=\"og:image:width\" content=\"1156\" \/>\n\t<meta property=\"og:image:height\" content=\"867\" \/>\n\t<meta property=\"og:image:type\" content=\"image\/jpeg\" \/>\n<meta name=\"author\" content=\"brasillacrosse.com\" \/>\n<meta name=\"twitter:card\" content=\"summary_large_image\" \/>\n<meta name=\"twitter:label1\" content=\"Escrito por\" \/>\n\t<meta name=\"twitter:data1\" content=\"brasillacrosse.com\" \/>\n\t<meta name=\"twitter:label2\" content=\"Est. tempo de leitura\" \/>\n\t<meta name=\"twitter:data2\" content=\"2 minutos\" \/>\n<script type=\"application\/ld+json\" class=\"yoast-schema-graph\">{\"@context\":\"https:\\\/\\\/schema.org\",\"@graph\":[{\"@type\":\"Article\",\"@id\":\"https:\\\/\\\/brasillacrosse.com\\\/the-cbl-participates-in-the-safe-sport-forum-hosted-by-the-brazilian-olympic-committee-cob\\\/#article\",\"isPartOf\":{\"@id\":\"https:\\\/\\\/brasillacrosse.com\\\/the-cbl-participates-in-the-safe-sport-forum-hosted-by-the-brazilian-olympic-committee-cob\\\/\"},\"author\":{\"name\":\"brasillacrosse.com\",\"@id\":\"https:\\\/\\\/brasillacrosse.com\\\/#\\\/schema\\\/person\\\/57a04e933555afc21207636fcbc2f2f0\"},\"headline\":\"The CBL Participates in the Safe Sport Forum Hosted by the Brazilian Olympic Committee (COB)\",\"datePublished\":\"2026-03-03T11:59:26+00:00\",\"dateModified\":\"2026-03-12T12:23:47+00:00\",\"mainEntityOfPage\":{\"@id\":\"https:\\\/\\\/brasillacrosse.com\\\/the-cbl-participates-in-the-safe-sport-forum-hosted-by-the-brazilian-olympic-committee-cob\\\/\"},\"wordCount\":417,\"commentCount\":0,\"publisher\":{\"@id\":\"https:\\\/\\\/brasillacrosse.com\\\/#organization\"},\"image\":{\"@id\":\"https:\\\/\\\/brasillacrosse.com\\\/the-cbl-participates-in-the-safe-sport-forum-hosted-by-the-brazilian-olympic-committee-cob\\\/#primaryimage\"},\"thumbnailUrl\":\"https:\\\/\\\/brasillacrosse.com\\\/wp-content\\\/uploads\\\/2026\\\/03\\\/Esporte_Seguro.jpeg\",\"articleSection\":[\"Blog\"],\"inLanguage\":\"pt-BR\",\"potentialAction\":[{\"@type\":\"CommentAction\",\"name\":\"Comment\",\"target\":[\"https:\\\/\\\/brasillacrosse.com\\\/the-cbl-participates-in-the-safe-sport-forum-hosted-by-the-brazilian-olympic-committee-cob\\\/#respond\"]}]},{\"@type\":\"WebPage\",\"@id\":\"https:\\\/\\\/brasillacrosse.com\\\/the-cbl-participates-in-the-safe-sport-forum-hosted-by-the-brazilian-olympic-committee-cob\\\/\",\"url\":\"https:\\\/\\\/brasillacrosse.com\\\/the-cbl-participates-in-the-safe-sport-forum-hosted-by-the-brazilian-olympic-committee-cob\\\/\",\"name\":\"The CBL Participates in the Safe Sport Forum Hosted by the Brazilian Olympic Committee (COB) - THE BRAZILIAN LACROSSE CONFEDERATION\",\"isPartOf\":{\"@id\":\"https:\\\/\\\/brasillacrosse.com\\\/#website\"},\"primaryImageOfPage\":{\"@id\":\"https:\\\/\\\/brasillacrosse.com\\\/the-cbl-participates-in-the-safe-sport-forum-hosted-by-the-brazilian-olympic-committee-cob\\\/#primaryimage\"},\"image\":{\"@id\":\"https:\\\/\\\/brasillacrosse.com\\\/the-cbl-participates-in-the-safe-sport-forum-hosted-by-the-brazilian-olympic-committee-cob\\\/#primaryimage\"},\"thumbnailUrl\":\"https:\\\/\\\/brasillacrosse.com\\\/wp-content\\\/uploads\\\/2026\\\/03\\\/Esporte_Seguro.jpeg\",\"datePublished\":\"2026-03-03T11:59:26+00:00\",\"dateModified\":\"2026-03-12T12:23:47+00:00\",\"breadcrumb\":{\"@id\":\"https:\\\/\\\/brasillacrosse.com\\\/the-cbl-participates-in-the-safe-sport-forum-hosted-by-the-brazilian-olympic-committee-cob\\\/#breadcrumb\"},\"inLanguage\":\"pt-BR\",\"potentialAction\":[{\"@type\":\"ReadAction\",\"target\":[\"https:\\\/\\\/brasillacrosse.com\\\/the-cbl-participates-in-the-safe-sport-forum-hosted-by-the-brazilian-olympic-committee-cob\\\/\"]}]},{\"@type\":\"ImageObject\",\"inLanguage\":\"pt-BR\",\"@id\":\"https:\\\/\\\/brasillacrosse.com\\\/the-cbl-participates-in-the-safe-sport-forum-hosted-by-the-brazilian-olympic-committee-cob\\\/#primaryimage\",\"url\":\"https:\\\/\\\/brasillacrosse.com\\\/wp-content\\\/uploads\\\/2026\\\/03\\\/Esporte_Seguro.jpeg\",\"contentUrl\":\"https:\\\/\\\/brasillacrosse.com\\\/wp-content\\\/uploads\\\/2026\\\/03\\\/Esporte_Seguro.jpeg\",\"width\":1156,\"height\":867,\"caption\":\"The CBL Participates in the Safe Sport Forum Hosted by the Brazilian Olympic Committee (COB)\"},{\"@type\":\"BreadcrumbList\",\"@id\":\"https:\\\/\\\/brasillacrosse.com\\\/the-cbl-participates-in-the-safe-sport-forum-hosted-by-the-brazilian-olympic-committee-cob\\\/#breadcrumb\",\"itemListElement\":[{\"@type\":\"ListItem\",\"position\":1,\"name\":\"Home\",\"item\":\"https:\\\/\\\/brasillacrosse.com\\\/\"},{\"@type\":\"ListItem\",\"position\":2,\"name\":\"The CBL Participates in the Safe Sport Forum Hosted by the Brazilian Olympic Committee (COB)\"}]},{\"@type\":\"WebSite\",\"@id\":\"https:\\\/\\\/brasillacrosse.com\\\/#website\",\"url\":\"https:\\\/\\\/brasillacrosse.com\\\/\",\"name\":\"THE BRAZILIAN LACROSSE CONFEDERATION\",\"description\":\"\",\"publisher\":{\"@id\":\"https:\\\/\\\/brasillacrosse.com\\\/#organization\"},\"potentialAction\":[{\"@type\":\"SearchAction\",\"target\":{\"@type\":\"EntryPoint\",\"urlTemplate\":\"https:\\\/\\\/brasillacrosse.com\\\/?s={search_term_string}\"},\"query-input\":{\"@type\":\"PropertyValueSpecification\",\"valueRequired\":true,\"valueName\":\"search_term_string\"}}],\"inLanguage\":\"pt-BR\"},{\"@type\":\"Organization\",\"@id\":\"https:\\\/\\\/brasillacrosse.com\\\/#organization\",\"name\":\"THE BRAZILIAN LACROSSE CONFEDERATION\",\"url\":\"https:\\\/\\\/brasillacrosse.com\\\/\",\"logo\":{\"@type\":\"ImageObject\",\"inLanguage\":\"pt-BR\",\"@id\":\"https:\\\/\\\/brasillacrosse.com\\\/#\\\/schema\\\/logo\\\/image\\\/\",\"url\":\"https:\\\/\\\/brasillacrosse.com\\\/wp-content\\\/uploads\\\/2024\\\/09\\\/cropped-BRL-logo-flaticon.png\",\"contentUrl\":\"https:\\\/\\\/brasillacrosse.com\\\/wp-content\\\/uploads\\\/2024\\\/09\\\/cropped-BRL-logo-flaticon.png\",\"width\":213,\"height\":212,\"caption\":\"THE BRAZILIAN LACROSSE CONFEDERATION\"},\"image\":{\"@id\":\"https:\\\/\\\/brasillacrosse.com\\\/#\\\/schema\\\/logo\\\/image\\\/\"}},{\"@type\":\"Person\",\"@id\":\"https:\\\/\\\/brasillacrosse.com\\\/#\\\/schema\\\/person\\\/57a04e933555afc21207636fcbc2f2f0\",\"name\":\"brasillacrosse.com\",\"image\":{\"@type\":\"ImageObject\",\"inLanguage\":\"pt-BR\",\"@id\":\"https:\\\/\\\/secure.gravatar.com\\\/avatar\\\/b060ff15bac35c12c8ce2e5b59f3ba5c97f616e58e941661489a9609f895f122?s=96&d=mm&r=g\",\"url\":\"https:\\\/\\\/secure.gravatar.com\\\/avatar\\\/b060ff15bac35c12c8ce2e5b59f3ba5c97f616e58e941661489a9609f895f122?s=96&d=mm&r=g\",\"contentUrl\":\"https:\\\/\\\/secure.gravatar.com\\\/avatar\\\/b060ff15bac35c12c8ce2e5b59f3ba5c97f616e58e941661489a9609f895f122?s=96&d=mm&r=g\",\"caption\":\"brasillacrosse.com\"},\"sameAs\":[\"http:\\\/\\\/brasillacrosse.com\"],\"url\":\"https:\\\/\\\/brasillacrosse.com\\\/pt\\\/author\\\/brasillacrosse-com\\\/\"}]}<\/script>\n<!-- \/ Yoast SEO plugin. -->","yoast_head_json":{"title":"The CBL Participates in the Safe Sport Forum Hosted by the Brazilian Olympic Committee (COB) - THE BRAZILIAN LACROSSE CONFEDERATION","robots":{"index":"index","follow":"follow","max-snippet":"max-snippet:-1","max-image-preview":"max-image-preview:large","max-video-preview":"max-video-preview:-1"},"canonical":"https:\/\/brasillacrosse.com\/pt\/the-cbl-participates-in-the-safe-sport-forum-hosted-by-the-brazilian-olympic-committee-cob\/","og_locale":"pt_BR","og_type":"article","og_title":"The CBL Participates in the Safe Sport Forum Hosted by the Brazilian Olympic Committee (COB) - THE BRAZILIAN LACROSSE CONFEDERATION","og_description":"The CBL Participates in the Safe Sport Forum Hosted by the Brazilian Olympic Committee (COB) In November, the Vice President [&hellip;]","og_url":"https:\/\/brasillacrosse.com\/pt\/the-cbl-participates-in-the-safe-sport-forum-hosted-by-the-brazilian-olympic-committee-cob\/","og_site_name":"THE BRAZILIAN LACROSSE CONFEDERATION","article_published_time":"2026-03-03T11:59:26+00:00","article_modified_time":"2026-03-12T12:23:47+00:00","og_image":[{"width":1156,"height":867,"url":"https:\/\/brasillacrosse.com\/wp-content\/uploads\/2026\/03\/Esporte_Seguro.jpeg","type":"image\/jpeg"}],"author":"brasillacrosse.com","twitter_card":"summary_large_image","twitter_misc":{"Escrito por":"brasillacrosse.com","Est. tempo de leitura":"2 minutos"},"schema":{"@context":"https:\/\/schema.org","@graph":[{"@type":"Article","@id":"https:\/\/brasillacrosse.com\/the-cbl-participates-in-the-safe-sport-forum-hosted-by-the-brazilian-olympic-committee-cob\/#article","isPartOf":{"@id":"https:\/\/brasillacrosse.com\/the-cbl-participates-in-the-safe-sport-forum-hosted-by-the-brazilian-olympic-committee-cob\/"},"author":{"name":"brasillacrosse.com","@id":"https:\/\/brasillacrosse.com\/#\/schema\/person\/57a04e933555afc21207636fcbc2f2f0"},"headline":"The CBL Participates in the Safe Sport Forum Hosted by the Brazilian Olympic Committee (COB)","datePublished":"2026-03-03T11:59:26+00:00","dateModified":"2026-03-12T12:23:47+00:00","mainEntityOfPage":{"@id":"https:\/\/brasillacrosse.com\/the-cbl-participates-in-the-safe-sport-forum-hosted-by-the-brazilian-olympic-committee-cob\/"},"wordCount":417,"commentCount":0,"publisher":{"@id":"https:\/\/brasillacrosse.com\/#organization"},"image":{"@id":"https:\/\/brasillacrosse.com\/the-cbl-participates-in-the-safe-sport-forum-hosted-by-the-brazilian-olympic-committee-cob\/#primaryimage"},"thumbnailUrl":"https:\/\/brasillacrosse.com\/wp-content\/uploads\/2026\/03\/Esporte_Seguro.jpeg","articleSection":["Blog"],"inLanguage":"pt-BR","potentialAction":[{"@type":"CommentAction","name":"Comment","target":["https:\/\/brasillacrosse.com\/the-cbl-participates-in-the-safe-sport-forum-hosted-by-the-brazilian-olympic-committee-cob\/#respond"]}]},{"@type":"WebPage","@id":"https:\/\/brasillacrosse.com\/the-cbl-participates-in-the-safe-sport-forum-hosted-by-the-brazilian-olympic-committee-cob\/","url":"https:\/\/brasillacrosse.com\/the-cbl-participates-in-the-safe-sport-forum-hosted-by-the-brazilian-olympic-committee-cob\/","name":"The CBL Participates in the Safe Sport Forum Hosted by the Brazilian Olympic Committee (COB) - THE BRAZILIAN LACROSSE CONFEDERATION","isPartOf":{"@id":"https:\/\/brasillacrosse.com\/#website"},"primaryImageOfPage":{"@id":"https:\/\/brasillacrosse.com\/the-cbl-participates-in-the-safe-sport-forum-hosted-by-the-brazilian-olympic-committee-cob\/#primaryimage"},"image":{"@id":"https:\/\/brasillacrosse.com\/the-cbl-participates-in-the-safe-sport-forum-hosted-by-the-brazilian-olympic-committee-cob\/#primaryimage"},"thumbnailUrl":"https:\/\/brasillacrosse.com\/wp-content\/uploads\/2026\/03\/Esporte_Seguro.jpeg","datePublished":"2026-03-03T11:59:26+00:00","dateModified":"2026-03-12T12:23:47+00:00","breadcrumb":{"@id":"https:\/\/brasillacrosse.com\/the-cbl-participates-in-the-safe-sport-forum-hosted-by-the-brazilian-olympic-committee-cob\/#breadcrumb"},"inLanguage":"pt-BR","potentialAction":[{"@type":"ReadAction","target":["https:\/\/brasillacrosse.com\/the-cbl-participates-in-the-safe-sport-forum-hosted-by-the-brazilian-olympic-committee-cob\/"]}]},{"@type":"ImageObject","inLanguage":"pt-BR","@id":"https:\/\/brasillacrosse.com\/the-cbl-participates-in-the-safe-sport-forum-hosted-by-the-brazilian-olympic-committee-cob\/#primaryimage","url":"https:\/\/brasillacrosse.com\/wp-content\/uploads\/2026\/03\/Esporte_Seguro.jpeg","contentUrl":"https:\/\/brasillacrosse.com\/wp-content\/uploads\/2026\/03\/Esporte_Seguro.jpeg","width":1156,"height":867,"caption":"The CBL Participates in the Safe Sport Forum Hosted by the Brazilian Olympic Committee (COB)"},{"@type":"BreadcrumbList","@id":"https:\/\/brasillacrosse.com\/the-cbl-participates-in-the-safe-sport-forum-hosted-by-the-brazilian-olympic-committee-cob\/#breadcrumb","itemListElement":[{"@type":"ListItem","position":1,"name":"Home","item":"https:\/\/brasillacrosse.com\/"},{"@type":"ListItem","position":2,"name":"The CBL Participates in the Safe Sport Forum Hosted by the Brazilian Olympic Committee (COB)"}]},{"@type":"WebSite","@id":"https:\/\/brasillacrosse.com\/#website","url":"https:\/\/brasillacrosse.com\/","name":"THE BRAZILIAN LACROSSE CONFEDERATION","description":"","publisher":{"@id":"https:\/\/brasillacrosse.com\/#organization"},"potentialAction":[{"@type":"SearchAction","target":{"@type":"EntryPoint","urlTemplate":"https:\/\/brasillacrosse.com\/?s={search_term_string}"},"query-input":{"@type":"PropertyValueSpecification","valueRequired":true,"valueName":"search_term_string"}}],"inLanguage":"pt-BR"},{"@type":"Organization","@id":"https:\/\/brasillacrosse.com\/#organization","name":"THE BRAZILIAN LACROSSE CONFEDERATION","url":"https:\/\/brasillacrosse.com\/","logo":{"@type":"ImageObject","inLanguage":"pt-BR","@id":"https:\/\/brasillacrosse.com\/#\/schema\/logo\/image\/","url":"https:\/\/brasillacrosse.com\/wp-content\/uploads\/2024\/09\/cropped-BRL-logo-flaticon.png","contentUrl":"https:\/\/brasillacrosse.com\/wp-content\/uploads\/2024\/09\/cropped-BRL-logo-flaticon.png","width":213,"height":212,"caption":"THE BRAZILIAN LACROSSE CONFEDERATION"},"image":{"@id":"https:\/\/brasillacrosse.com\/#\/schema\/logo\/image\/"}},{"@type":"Person","@id":"https:\/\/brasillacrosse.com\/#\/schema\/person\/57a04e933555afc21207636fcbc2f2f0","name":"brasillacrosse.com","image":{"@type":"ImageObject","inLanguage":"pt-BR","@id":"https:\/\/secure.gravatar.com\/avatar\/b060ff15bac35c12c8ce2e5b59f3ba5c97f616e58e941661489a9609f895f122?s=96&d=mm&r=g","url":"https:\/\/secure.gravatar.com\/avatar\/b060ff15bac35c12c8ce2e5b59f3ba5c97f616e58e941661489a9609f895f122?s=96&d=mm&r=g","contentUrl":"https:\/\/secure.gravatar.com\/avatar\/b060ff15bac35c12c8ce2e5b59f3ba5c97f616e58e941661489a9609f895f122?s=96&d=mm&r=g","caption":"brasillacrosse.com"},"sameAs":["http:\/\/brasillacrosse.com"],"url":"https:\/\/brasillacrosse.com\/pt\/author\/brasillacrosse-com\/"}]}},"_links":{"self":[{"href":"https:\/\/brasillacrosse.com\/pt\/wp-json\/wp\/v2\/posts\/1367","targetHints":{"allow":["GET"]}}],"collection":[{"href":"https:\/\/brasillacrosse.com\/pt\/wp-json\/wp\/v2\/posts"}],"about":[{"href":"https:\/\/brasillacrosse.com\/pt\/wp-json\/wp\/v2\/types\/post"}],"author":[{"embeddable":true,"href":"https:\/\/brasillacrosse.com\/pt\/wp-json\/wp\/v2\/users\/1"}],"replies":[{"embeddable":true,"href":"https:\/\/brasillacrosse.com\/pt\/wp-json\/wp\/v2\/comments?post=1367"}],"version-history":[{"count":8,"href":"https:\/\/brasillacrosse.com\/pt\/wp-json\/wp\/v2\/posts\/1367\/revisions"}],"predecessor-version":[{"id":1488,"href":"https:\/\/brasillacrosse.com\/pt\/wp-json\/wp\/v2\/posts\/1367\/revisions\/1488"}],"wp:featuredmedia":[{"embeddable":true,"href":"https:\/\/brasillacrosse.com\/pt\/wp-json\/wp\/v2\/media\/1370"}],"wp:attachment":[{"href":"https:\/\/brasillacrosse.com\/pt\/wp-json\/wp\/v2\/media?parent=1367"}],"wp:term":[{"taxonomy":"category","embeddable":true,"href":"https:\/\/brasillacrosse.com\/pt\/wp-json\/wp\/v2\/categories?post=1367"},{"taxonomy":"post_tag","embeddable":true,"href":"https:\/\/brasillacrosse.com\/pt\/wp-json\/wp\/v2\/tags?post=1367"}],"curies":[{"name":"wp","href":"https:\/\/api.w.org\/{rel}","templated":true}]}}