{"id":1375,"date":"2026-03-03T12:04:57","date_gmt":"2026-03-03T12:04:57","guid":{"rendered":"https:\/\/brasillacrosse.com\/?p=1375"},"modified":"2026-03-12T12:21:09","modified_gmt":"2026-03-12T12:21:09","slug":"titus-andrew-sousa-chapman-makes-history-at-the-premio-brasil-olimpico","status":"publish","type":"post","link":"https:\/\/brasillacrosse.com\/pt\/titus-andrew-sousa-chapman-makes-history-at-the-premio-brasil-olimpico\/","title":{"rendered":"Titus Andrew Sousa Chapman Faz Hist\u00f3ria no Pr\u00eamio Brasil Ol\u00edmpico"},"content":{"rendered":"<div data-elementor-type=\"wp-post\" data-elementor-id=\"1375\" class=\"elementor elementor-1375\">\n\t\t\t\t\t\t<section class=\"elementor-section elementor-top-section elementor-element elementor-element-44b14558 elementor-section-boxed elementor-section-height-default elementor-section-height-default\" data-id=\"44b14558\" data-element_type=\"section\" data-e-type=\"section\">\n\t\t\t\t\t\t<div class=\"elementor-container elementor-column-gap-default\">\n\t\t\t\t\t<div class=\"elementor-column elementor-col-100 elementor-top-column elementor-element elementor-element-4a114b55\" data-id=\"4a114b55\" data-element_type=\"column\" data-e-type=\"column\">\n\t\t\t<div class=\"elementor-widget-wrap elementor-element-populated\">\n\t\t\t\t\t\t<section class=\"elementor-section elementor-inner-section elementor-element elementor-element-124807c elementor-section-boxed elementor-section-height-default elementor-section-height-default\" data-id=\"124807c\" data-element_type=\"section\" data-e-type=\"section\">\n\t\t\t\t\t\t<div class=\"elementor-container elementor-column-gap-default\">\n\t\t\t\t\t<div class=\"elementor-column elementor-col-50 elementor-inner-column elementor-element elementor-element-6d0cb583\" data-id=\"6d0cb583\" data-element_type=\"column\" data-e-type=\"column\">\n\t\t\t<div class=\"elementor-widget-wrap elementor-element-populated\">\n\t\t\t\t\t\t<div class=\"elementor-element elementor-element-3d11f53a elementor-widget__width-initial elementor-widget-tablet__width-inherit elementor-widget elementor-widget-heading\" data-id=\"3d11f53a\" data-element_type=\"widget\" data-e-type=\"widget\" data-widget_type=\"heading.default\">\n\t\t\t\t<div class=\"elementor-widget-container\">\n\t\t\t\t\t<h1 class=\"elementor-heading-title elementor-size-default\">Titus Andrew Sousa Chapman Faz Hist\u00f3ria no Pr\u00eamio Brasil Ol\u00edmpico<\/h1>\t\t\t\t<\/div>\n\t\t\t\t<\/div>\n\t\t\t\t<div class=\"elementor-element elementor-element-6fc2ac2 elementor-widget__width-initial elementor-widget-mobile__width-inherit elementor-widget elementor-widget-image\" data-id=\"6fc2ac2\" data-element_type=\"widget\" data-e-type=\"widget\" data-widget_type=\"image.default\">\n\t\t\t\t<div class=\"elementor-widget-container\">\n\t\t\t\t\t\t\t\t\t\t\t\t\t\t\t<img fetchpriority=\"high\" decoding=\"async\" width=\"768\" height=\"516\" src=\"https:\/\/brasillacrosse.com\/wp-content\/uploads\/2026\/03\/Tito_PBOarticle-e1776416165184-768x516.jpg\" class=\"attachment-medium_large size-medium_large wp-image-1376\" alt=\"Titus Andrew Sousa Chapman Makes History at the Pr\u00eamio Brasil Ol\u00edmpico\" srcset=\"https:\/\/brasillacrosse.com\/wp-content\/uploads\/2026\/03\/Tito_PBOarticle-e1776416165184-768x516.jpg 768w, https:\/\/brasillacrosse.com\/wp-content\/uploads\/2026\/03\/Tito_PBOarticle-e1776416165184-300x201.jpg 300w, https:\/\/brasillacrosse.com\/wp-content\/uploads\/2026\/03\/Tito_PBOarticle-e1776416165184-18x12.jpg 18w, https:\/\/brasillacrosse.com\/wp-content\/uploads\/2026\/03\/Tito_PBOarticle-e1776416165184.jpg 998w\" sizes=\"(max-width: 768px) 100vw, 768px\" \/>\t\t\t\t\t\t\t\t\t\t\t\t\t\t\t<\/div>\n\t\t\t\t<\/div>\n\t\t\t\t<div class=\"elementor-element elementor-element-3bac7eb elementor-widget__width-inherit elementor-widget elementor-widget-text-editor\" data-id=\"3bac7eb\" data-element_type=\"widget\" data-e-type=\"widget\" data-widget_type=\"text-editor.default\">\n\t\t\t\t<div class=\"elementor-widget-container\">\n\t\t\t\t\t\t\t\t\t<p><span style=\"font-weight: 400;\">Cr\u00e9ditos: Vanessa Velasquez <\/span><\/p><p><span style=\"font-weight: 400;\">11 de dezembro de 2025<\/span><\/p><p><span style=\"font-weight: 400;\">O Comit\u00ea Ol\u00edmpico do Brasil (COB) realizou em dezembro o Pr\u00eamio Brasil Ol\u00edmpico (PBO), na Cidade das Artes, no Rio de Janeiro, celebrando os atletas, treinadores e lideran\u00e7as que mais se destacaram entre as modalidades ol\u00edmpicas do pa\u00eds. Criado em 1999, o PBO \u00e9 a maior premia\u00e7\u00e3o anual do esporte ol\u00edmpico brasileiro, reconhecendo excel\u00eancia, resultados competitivos e impacto esportivo ao longo da temporada.<\/span><\/p><p><span style=\"font-weight: 400;\">A cerim\u00f4nia reuniu os principais nomes do esporte nacional para homenagear categorias como Atleta do Ano, Atleta da Torcida, Treinador do Ano e os Melhores Atletas de Cada Modalidade, al\u00e9m de contar com apresenta\u00e7\u00f5es art\u00edsticas e homenagens a \u00eddolos do esporte brasileiro.<\/span><\/p><p><span style=\"font-weight: 400;\">A edi\u00e7\u00e3o de 2025 marcou um momento hist\u00f3rico: pela primeira vez, o lacrosse esteve representado no Pr\u00eamio Brasil Ol\u00edmpico, refletindo o crescimento da modalidade dentro do sistema ol\u00edmpico nacional.<\/span><\/p><p><b>\ud83c\udfc6 Melhor Atleta de Lacrosse de 2025: Titus Andrew Sousa Chapman<\/b><\/p><p><span style=\"font-weight: 400;\">A Confedera\u00e7\u00e3o Brasileira de Lacrosse (CBL) tem orgulho de anunciar que Titus Andrew Sousa Chapman foi eleito o Melhor Atleta de Lacrosse de 2025, tornando-se o primeiro atleta da hist\u00f3ria do lacrosse brasileiro a receber um Pr\u00eamio Brasil Ol\u00edmpico concedido pelo COB.<\/span><\/p><p><span style=\"font-weight: 400;\">Embora Titus n\u00e3o tenha podido comparecer presencialmente \u00e0 cerim\u00f4nia, a CBL esteve representada pelo Presidente Manuel Elbio Aquino Sequeira. No mesmo per\u00edodo, Titus competia na PALA Sixes Cup, em Porto Rico, o principal evento internacional do calend\u00e1rio de 2025 para o lacrosse brasileiro e pe\u00e7a central no caminho ol\u00edmpico do Sixes na regi\u00e3o.<\/span><\/p>\t\t\t\t\t\t\t\t<\/div>\n\t\t\t\t<\/div>\n\t\t\t\t<div class=\"elementor-element elementor-element-0134a79 elementor-widget__width-inherit elementor-widget elementor-widget-text-editor\" data-id=\"0134a79\" data-element_type=\"widget\" data-e-type=\"widget\" data-widget_type=\"text-editor.default\">\n\t\t\t\t<div class=\"elementor-widget-container\">\n\t\t\t\t\t\t\t\t\t<p><b>Excel\u00eancia Competitiva &amp; M\u00e9rito Esportivo<\/b><\/p><p><span style=\"font-weight: 400;\">A escolha de Titus foi baseada em desempenho competitivo, consist\u00eancia e excel\u00eancia no formato Sixes \u2014 formato ol\u00edmpico da modalidade \u2014, al\u00e9m de seus resultados em competi\u00e7\u00f5es internacionais, universit\u00e1rias e de clubes ao longo do ciclo 2024\u20132025.<\/span><\/p><p><b>Representa\u00e7\u00e3o Internacional<\/b><\/p><ul><li style=\"font-weight: 400;\" aria-level=\"1\"><span style=\"font-weight: 400;\">Integrante da primeira Sele\u00e7\u00e3o Brasileira Masculina a disputar competi\u00e7\u00f5es internacionais, na PALA Sixes Jamaica 2023<\/span><\/li><li style=\"font-weight: 400;\" aria-level=\"1\"><span style=\"font-weight: 400;\">Convocado para representar o Brasil na PALA Sixes Cup 2025, principal evento internacional da CBL na temporada<\/span><\/li><li style=\"font-weight: 400;\" aria-level=\"1\"><span style=\"font-weight: 400;\">Destaque no Training Camp da Sele\u00e7\u00e3o Brasileira em 2025, com gols decisivos em partidas amistosas internacionais<\/span><\/li><\/ul><p><b>Resultados Competitivos<\/b><\/p><ul><li style=\"font-weight: 400;\" aria-level=\"1\"><span style=\"font-weight: 400;\">Semifinalista da GLVC 2025<\/span><\/li><li style=\"font-weight: 400;\" aria-level=\"1\"><span style=\"font-weight: 400;\">Semifinalista da NCBS 2025<\/span><\/li><li style=\"font-weight: 400;\" aria-level=\"1\"><span style=\"font-weight: 400;\">Campe\u00e3o da BUCS Sixes 2025\u20132026<\/span><\/li><\/ul><p><span style=\"font-weight: 400;\">Atuando nos formatos Sixes (ol\u00edmpico), Field e Box, Titus demonstrou alto n\u00edvel de adapta\u00e7\u00e3o, consist\u00eancia e desempenho frente a advers\u00e1rios de elite, consolidando-se como o atleta de lacrosse de melhor rendimento dentro do sistema brasileiro no per\u00edodo avaliado.<\/span><\/p><p><b>Um Marco Hist\u00f3rico para o Lacrosse no Brasil<\/b><\/p><p><span style=\"font-weight: 400;\">O reconhecimento de Titus no Pr\u00eamio Brasil Ol\u00edmpico ocorre em um momento decisivo para a modalidade. Como a confedera\u00e7\u00e3o mais recentemente reconhecida oficialmente pelo COB, a CBL ainda se encontra em fase inicial de estrutura\u00e7\u00e3o de sele\u00e7\u00f5es, calend\u00e1rio competitivo e programas de desenvolvimento.<\/span><\/p><p class=\"translation-block\"><span style=\"font-weight: 400\">A elei\u00e7\u00e3o de Titus Andrew Sousa Chapman como <\/span><b> Melhor Atleta de Lacrosse de 2025 simboliza: <\/b><span style=\"font-weight: 400\"> represents:<\/span><\/p><ul><li style=\"font-weight: 400;\" aria-level=\"1\"><span style=\"font-weight: 400;\">O primeiro Pr\u00eamio Brasil Ol\u00edmpico da hist\u00f3ria do lacrosse brasileiro<\/span><\/li><li style=\"font-weight: 400;\" aria-level=\"1\"><span style=\"font-weight: 400;\">Um marco de refer\u00eancia de alto rendimento para a modalidade no pa\u00eds<\/span><\/li><li style=\"font-weight: 400;\" aria-level=\"1\"><span style=\"font-weight: 400;\">Um passo significativo no desenvolvimento do Sixes dentro do caminho ol\u00edmpico do Brasil<\/span><\/li><\/ul><p><span style=\"font-weight: 400;\">A Confedera\u00e7\u00e3o Brasileira de Lacrosse parabeniza Titus por essa conquista hist\u00f3rica e celebra este importante avan\u00e7o para o lacrosse nacional.<\/span><\/p><p><b>Parab\u00e9ns, Tito. Vamos, Brasil. \ud83c\udde7\ud83c\uddf7\ud83e\udd4d<\/b><\/p>\t\t\t\t\t\t\t\t<\/div>\n\t\t\t\t<\/div>\n\t\t\t\t\t<\/div>\n\t\t<\/div>\n\t\t\t\t<div class=\"elementor-column elementor-col-50 elementor-inner-column elementor-element elementor-element-31e15a53\" data-id=\"31e15a53\" data-element_type=\"column\" data-e-type=\"column\" data-settings=\"{&quot;background_background&quot;:&quot;classic&quot;}\">\n\t\t\t<div class=\"elementor-widget-wrap elementor-element-populated\">\n\t\t\t\t\t\t<div class=\"elementor-element elementor-element-40fd9256 elementor-widget elementor-widget-heading\" data-id=\"40fd9256\" data-element_type=\"widget\" data-e-type=\"widget\" data-widget_type=\"heading.default\">\n\t\t\t\t<div class=\"elementor-widget-container\">\n\t\t\t\t\t<h2 class=\"elementor-heading-title elementor-size-default\">Mais not\u00edcias e blogs para descobrir<\/h2>\t\t\t\t<\/div>\n\t\t\t\t<\/div>\n\t\t\t\t<div class=\"elementor-element elementor-element-64baeab1 elementor-widget elementor-widget-elementskit-blog-posts\" data-id=\"64baeab1\" data-element_type=\"widget\" data-e-type=\"widget\" data-widget_type=\"elementskit-blog-posts.default\">\n\t\t\t\t<div class=\"elementor-widget-container\">\n\t\t\t\t\t<div class=\"ekit-wid-con\" >        <div id=\"post-items--64baeab1\" class=\"row post-items\">\n                    <div class=\"col-md-12\">\n\n                                    <div class=\"elementskit-blog-block-post\">\n                        <div class=\"row no-gutters\">\n                            \n                            <div class=\"col-md-12 order-2\">\n                                <div class=\"elementskit-post-body\">\n                                    <div class=\"elementskit-entry-header\">\n                                        \n                                                                                            \t\t\t\t\t                                            \n                                            \n                                                                                            \t\t\t\t<h2 class=\"entry-title\">\n\t\t\t\t\t<a href=\"https:\/\/brasillacrosse.com\/pt\/titus-andrew-sousa-chapman-makes-history-at-the-premio-brasil-olimpico\/\">\n\t\t\t\t\t\tTitus Andrew Sousa Chapman faz hist\u00f3ria no Pr\u00eamio Brasil\u2026\t\t\t\t\t<\/a>\n\t\t\t\t<\/h2>\n\t\t\t                                                                                <\/div><!-- .elementskit-entry-header END -->\n\n                                                                            <div class=\"elementskit-post-footer\">\n                                                                                            <p>Titus Andrew Sousa Chapman faz hist\u00f3ria no Pr\u00eamio Brasil Ol\u00edmpico\nCr\u00e9ditos da foto: Vanessa Velasquez\n11 de dezembro de 2025\nO brasileiro\u2026<\/p>\n                                                                                                                                <\/div><!-- .elementskit-post-footer END -->\n                                                                    <\/div><!-- .elementskit-post-body END -->\n                            <\/div>\n                        <\/div>\n                    <\/div><!-- .elementskit-blog-block-post .radius .gradient-bg END -->\n                \n            <\/div>\n                    <div class=\"col-md-12\">\n\n                                    <div class=\"elementskit-blog-block-post\">\n                        <div class=\"row no-gutters\">\n                            \n                            <div class=\"col-md-12 order-2\">\n                                <div class=\"elementskit-post-body\">\n                                    <div class=\"elementskit-entry-header\">\n                                        \n                                                                                            \t\t\t\t\t                                            \n                                            \n                                                                                            \t\t\t\t<h2 class=\"entry-title\">\n\t\t\t\t\t<a href=\"https:\/\/brasillacrosse.com\/pt\/the-cbl-participates-in-the-safe-sport-forum-hosted-by-the-brazilian-olympic-committee-cob\/\">\n\t\t\t\t\t\tA CBL participa do F\u00f3rum de Esporte Seguro organizado por\u2026\t\t\t\t\t<\/a>\n\t\t\t\t<\/h2>\n\t\t\t                                                                                <\/div><!-- .elementskit-entry-header END -->\n\n                                                                            <div class=\"elementskit-post-footer\">\n                                                                                            <p>A CBL participa do F\u00f3rum de Esporte Seguro organizado pelo Comit\u00ea Ol\u00edmpico do Brasil (COB)\nEm novembro, o Vice-Presidente\u2026<\/p>\n                                                                                                                                <\/div><!-- .elementskit-post-footer END -->\n                                                                    <\/div><!-- .elementskit-post-body END -->\n                            <\/div>\n                        <\/div>\n                    <\/div><!-- .elementskit-blog-block-post .radius .gradient-bg END -->\n                \n            <\/div>\n                    <div class=\"col-md-12\">\n\n                                    <div class=\"elementskit-blog-block-post\">\n                        <div class=\"row no-gutters\">\n                            \n                            <div class=\"col-md-12 order-2\">\n                                <div class=\"elementskit-post-body\">\n                                    <div class=\"elementskit-entry-header\">\n                                        \n                                                                                            \t\t\t\t\t                                            \n                                            \n                                                                                            \t\t\t\t<h2 class=\"entry-title\">\n\t\t\t\t\t<a href=\"https:\/\/brasillacrosse.com\/pt\/interview-brasil-lacrosse\/\">\n\t\t\t\t\t\ts\u00e9rie de entrevistas no canal do Brasil Lacrosse\t\t\t\t\t<\/a>\n\t\t\t\t<\/h2>\n\t\t\t                                                                                <\/div><!-- .elementskit-entry-header END -->\n\n                                                                            <div class=\"elementskit-post-footer\">\n                                                                                            <p>Entrevista com a equipe Brasil Lacrosse\nVISITE NOSSO CANAL NO YOUTUBE\nExplore o lacrosse no Brasil com o canal do Brasil Lacrosse no YouTube\nSe\u2026<\/p>\n                                                                                                                                <\/div><!-- .elementskit-post-footer END -->\n                                                                    <\/div><!-- .elementskit-post-body END -->\n                            <\/div>\n                        <\/div>\n                    <\/div><!-- .elementskit-blog-block-post .radius .gradient-bg END -->\n                \n            <\/div>\n                <\/div>\n       <\/div>\t\t\t\t<\/div>\n\t\t\t\t<\/div>\n\t\t\t\t\t<\/div>\n\t\t<\/div>\n\t\t\t\t\t<\/div>\n\t\t<\/section>\n\t\t\t\t\t<\/div>\n\t\t<\/div>\n\t\t\t\t\t<\/div>\n\t\t<\/section>\n\t\t\t\t<\/div>","protected":false},"excerpt":{"rendered":"<p>Titus Andrew Sousa Chapman Makes History at the Pr\u00eamio Brasil Ol\u00edmpico Photo Credits: Vanessa Velasquez December 11, 2025 The Brazilian [&hellip;]<\/p>\n","protected":false},"author":1,"featured_media":1376,"comment_status":"open","ping_status":"open","sticky":false,"template":"elementor_header_footer","format":"standard","meta":{"site-sidebar-layout":"default","site-content-layout":"","ast-site-content-layout":"","site-content-style":"default","site-sidebar-style":"default","ast-global-header-display":"disabled","ast-banner-title-visibility":"disabled","ast-main-header-display":"","ast-hfb-above-header-display":"","ast-hfb-below-header-display":"","ast-hfb-mobile-header-display":"","site-post-title":"","ast-breadcrumbs-content":"","ast-featured-img":"","footer-sml-layout":"","theme-transparent-header-meta":"","adv-header-id-meta":"","stick-header-meta":"","header-above-stick-meta":"","header-main-stick-meta":"","header-below-stick-meta":"","astra-migrate-meta-layouts":"default","ast-page-background-enabled":"default","ast-page-background-meta":{"desktop":{"background-color":"var(--ast-global-color-4)","background-image":"","background-repeat":"repeat","background-position":"center center","background-size":"auto","background-attachment":"scroll","background-type":"","background-media":"","overlay-type":"","overlay-color":"","overlay-gradient":""},"tablet":{"background-color":"","background-image":"","background-repeat":"repeat","background-position":"center center","background-size":"auto","background-attachment":"scroll","background-type":"","background-media":"","overlay-type":"","overlay-color":"","overlay-gradient":""},"mobile":{"background-color":"","background-image":"","background-repeat":"repeat","background-position":"center center","background-size":"auto","background-attachment":"scroll","background-type":"","background-media":"","overlay-type":"","overlay-color":"","overlay-gradient":""}},"ast-content-background-meta":{"desktop":{"background-color":"var(--ast-global-color-5)","background-image":"","background-repeat":"repeat","background-position":"center center","background-size":"auto","background-attachment":"scroll","background-type":"","background-media":"","overlay-type":"","overlay-color":"","overlay-gradient":""},"tablet":{"background-color":"var(--ast-global-color-5)","background-image":"","background-repeat":"repeat","background-position":"center center","background-size":"auto","background-attachment":"scroll","background-type":"","background-media":"","overlay-type":"","overlay-color":"","overlay-gradient":""},"mobile":{"background-color":"var(--ast-global-color-5)","background-image":"","background-repeat":"repeat","background-position":"center center","background-size":"auto","background-attachment":"scroll","background-type":"","background-media":"","overlay-type":"","overlay-color":"","overlay-gradient":""}},"footnotes":""},"categories":[1],"tags":[],"class_list":["post-1375","post","type-post","status-publish","format-standard","has-post-thumbnail","hentry","category-blog"],"yoast_head":"<!-- This site is optimized with the Yoast SEO plugin v27.5 - https:\/\/yoast.com\/product\/yoast-seo-wordpress\/ -->\n<title>Titus Andrew Sousa Chapman Makes History at the Pr\u00eamio Brasil Ol\u00edmpico - THE BRAZILIAN LACROSSE CONFEDERATION<\/title>\n<meta name=\"robots\" content=\"index, follow, max-snippet:-1, max-image-preview:large, max-video-preview:-1\" \/>\n<link rel=\"canonical\" href=\"https:\/\/brasillacrosse.com\/pt\/titus-andrew-sousa-chapman-makes-history-at-the-premio-brasil-olimpico\/\" \/>\n<meta property=\"og:locale\" content=\"pt_BR\" \/>\n<meta property=\"og:type\" content=\"article\" \/>\n<meta property=\"og:title\" content=\"Titus Andrew Sousa Chapman Makes History at the Pr\u00eamio Brasil Ol\u00edmpico - THE BRAZILIAN LACROSSE CONFEDERATION\" \/>\n<meta property=\"og:description\" content=\"Titus Andrew Sousa Chapman Makes History at the Pr\u00eamio Brasil Ol\u00edmpico Photo Credits: Vanessa Velasquez December 11, 2025 The Brazilian [&hellip;]\" \/>\n<meta property=\"og:url\" content=\"https:\/\/brasillacrosse.com\/pt\/titus-andrew-sousa-chapman-makes-history-at-the-premio-brasil-olimpico\/\" \/>\n<meta property=\"og:site_name\" content=\"THE BRAZILIAN LACROSSE CONFEDERATION\" \/>\n<meta property=\"article:published_time\" content=\"2026-03-03T12:04:57+00:00\" \/>\n<meta property=\"article:modified_time\" content=\"2026-03-12T12:21:09+00:00\" \/>\n<meta property=\"og:image\" content=\"https:\/\/brasillacrosse.com\/wp-content\/uploads\/2026\/03\/Tito_PBOarticle-e1773318031223.jpg\" \/>\n\t<meta property=\"og:image:width\" content=\"998\" \/>\n\t<meta property=\"og:image:height\" content=\"707\" \/>\n\t<meta property=\"og:image:type\" content=\"image\/jpeg\" \/>\n<meta name=\"author\" content=\"brasillacrosse.com\" \/>\n<meta name=\"twitter:card\" content=\"summary_large_image\" \/>\n<meta name=\"twitter:label1\" content=\"Escrito por\" \/>\n\t<meta name=\"twitter:data1\" content=\"brasillacrosse.com\" \/>\n\t<meta name=\"twitter:label2\" content=\"Est. tempo de leitura\" \/>\n\t<meta name=\"twitter:data2\" content=\"4 minutos\" \/>\n<script type=\"application\/ld+json\" class=\"yoast-schema-graph\">{\"@context\":\"https:\\\/\\\/schema.org\",\"@graph\":[{\"@type\":\"Article\",\"@id\":\"https:\\\/\\\/brasillacrosse.com\\\/titus-andrew-sousa-chapman-makes-history-at-the-premio-brasil-olimpico\\\/#article\",\"isPartOf\":{\"@id\":\"https:\\\/\\\/brasillacrosse.com\\\/titus-andrew-sousa-chapman-makes-history-at-the-premio-brasil-olimpico\\\/\"},\"author\":{\"name\":\"brasillacrosse.com\",\"@id\":\"https:\\\/\\\/brasillacrosse.com\\\/#\\\/schema\\\/person\\\/57a04e933555afc21207636fcbc2f2f0\"},\"headline\":\"Titus Andrew Sousa Chapman Makes History at the Pr\u00eamio Brasil Ol\u00edmpico\",\"datePublished\":\"2026-03-03T12:04:57+00:00\",\"dateModified\":\"2026-03-12T12:21:09+00:00\",\"mainEntityOfPage\":{\"@id\":\"https:\\\/\\\/brasillacrosse.com\\\/titus-andrew-sousa-chapman-makes-history-at-the-premio-brasil-olimpico\\\/\"},\"wordCount\":643,\"commentCount\":0,\"publisher\":{\"@id\":\"https:\\\/\\\/brasillacrosse.com\\\/#organization\"},\"image\":{\"@id\":\"https:\\\/\\\/brasillacrosse.com\\\/titus-andrew-sousa-chapman-makes-history-at-the-premio-brasil-olimpico\\\/#primaryimage\"},\"thumbnailUrl\":\"https:\\\/\\\/brasillacrosse.com\\\/wp-content\\\/uploads\\\/2026\\\/03\\\/Tito_PBOarticle-e1776416165184.jpg\",\"articleSection\":[\"Blog\"],\"inLanguage\":\"pt-BR\",\"potentialAction\":[{\"@type\":\"CommentAction\",\"name\":\"Comment\",\"target\":[\"https:\\\/\\\/brasillacrosse.com\\\/titus-andrew-sousa-chapman-makes-history-at-the-premio-brasil-olimpico\\\/#respond\"]}]},{\"@type\":\"WebPage\",\"@id\":\"https:\\\/\\\/brasillacrosse.com\\\/titus-andrew-sousa-chapman-makes-history-at-the-premio-brasil-olimpico\\\/\",\"url\":\"https:\\\/\\\/brasillacrosse.com\\\/titus-andrew-sousa-chapman-makes-history-at-the-premio-brasil-olimpico\\\/\",\"name\":\"Titus Andrew Sousa Chapman Makes History at the Pr\u00eamio Brasil Ol\u00edmpico - THE BRAZILIAN LACROSSE CONFEDERATION\",\"isPartOf\":{\"@id\":\"https:\\\/\\\/brasillacrosse.com\\\/#website\"},\"primaryImageOfPage\":{\"@id\":\"https:\\\/\\\/brasillacrosse.com\\\/titus-andrew-sousa-chapman-makes-history-at-the-premio-brasil-olimpico\\\/#primaryimage\"},\"image\":{\"@id\":\"https:\\\/\\\/brasillacrosse.com\\\/titus-andrew-sousa-chapman-makes-history-at-the-premio-brasil-olimpico\\\/#primaryimage\"},\"thumbnailUrl\":\"https:\\\/\\\/brasillacrosse.com\\\/wp-content\\\/uploads\\\/2026\\\/03\\\/Tito_PBOarticle-e1776416165184.jpg\",\"datePublished\":\"2026-03-03T12:04:57+00:00\",\"dateModified\":\"2026-03-12T12:21:09+00:00\",\"breadcrumb\":{\"@id\":\"https:\\\/\\\/brasillacrosse.com\\\/titus-andrew-sousa-chapman-makes-history-at-the-premio-brasil-olimpico\\\/#breadcrumb\"},\"inLanguage\":\"pt-BR\",\"potentialAction\":[{\"@type\":\"ReadAction\",\"target\":[\"https:\\\/\\\/brasillacrosse.com\\\/titus-andrew-sousa-chapman-makes-history-at-the-premio-brasil-olimpico\\\/\"]}]},{\"@type\":\"ImageObject\",\"inLanguage\":\"pt-BR\",\"@id\":\"https:\\\/\\\/brasillacrosse.com\\\/titus-andrew-sousa-chapman-makes-history-at-the-premio-brasil-olimpico\\\/#primaryimage\",\"url\":\"https:\\\/\\\/brasillacrosse.com\\\/wp-content\\\/uploads\\\/2026\\\/03\\\/Tito_PBOarticle-e1776416165184.jpg\",\"contentUrl\":\"https:\\\/\\\/brasillacrosse.com\\\/wp-content\\\/uploads\\\/2026\\\/03\\\/Tito_PBOarticle-e1776416165184.jpg\",\"width\":998,\"height\":670,\"caption\":\"Titus Andrew Sousa Chapman Makes History at the Pr\u00eamio Brasil Ol\u00edmpico\"},{\"@type\":\"BreadcrumbList\",\"@id\":\"https:\\\/\\\/brasillacrosse.com\\\/titus-andrew-sousa-chapman-makes-history-at-the-premio-brasil-olimpico\\\/#breadcrumb\",\"itemListElement\":[{\"@type\":\"ListItem\",\"position\":1,\"name\":\"Home\",\"item\":\"https:\\\/\\\/brasillacrosse.com\\\/\"},{\"@type\":\"ListItem\",\"position\":2,\"name\":\"Titus Andrew Sousa Chapman Makes History at the Pr\u00eamio Brasil Ol\u00edmpico\"}]},{\"@type\":\"WebSite\",\"@id\":\"https:\\\/\\\/brasillacrosse.com\\\/#website\",\"url\":\"https:\\\/\\\/brasillacrosse.com\\\/\",\"name\":\"THE BRAZILIAN LACROSSE CONFEDERATION\",\"description\":\"\",\"publisher\":{\"@id\":\"https:\\\/\\\/brasillacrosse.com\\\/#organization\"},\"potentialAction\":[{\"@type\":\"SearchAction\",\"target\":{\"@type\":\"EntryPoint\",\"urlTemplate\":\"https:\\\/\\\/brasillacrosse.com\\\/?s={search_term_string}\"},\"query-input\":{\"@type\":\"PropertyValueSpecification\",\"valueRequired\":true,\"valueName\":\"search_term_string\"}}],\"inLanguage\":\"pt-BR\"},{\"@type\":\"Organization\",\"@id\":\"https:\\\/\\\/brasillacrosse.com\\\/#organization\",\"name\":\"THE BRAZILIAN LACROSSE CONFEDERATION\",\"url\":\"https:\\\/\\\/brasillacrosse.com\\\/\",\"logo\":{\"@type\":\"ImageObject\",\"inLanguage\":\"pt-BR\",\"@id\":\"https:\\\/\\\/brasillacrosse.com\\\/#\\\/schema\\\/logo\\\/image\\\/\",\"url\":\"https:\\\/\\\/brasillacrosse.com\\\/wp-content\\\/uploads\\\/2024\\\/09\\\/cropped-BRL-logo-flaticon.png\",\"contentUrl\":\"https:\\\/\\\/brasillacrosse.com\\\/wp-content\\\/uploads\\\/2024\\\/09\\\/cropped-BRL-logo-flaticon.png\",\"width\":213,\"height\":212,\"caption\":\"THE BRAZILIAN LACROSSE CONFEDERATION\"},\"image\":{\"@id\":\"https:\\\/\\\/brasillacrosse.com\\\/#\\\/schema\\\/logo\\\/image\\\/\"}},{\"@type\":\"Person\",\"@id\":\"https:\\\/\\\/brasillacrosse.com\\\/#\\\/schema\\\/person\\\/57a04e933555afc21207636fcbc2f2f0\",\"name\":\"brasillacrosse.com\",\"image\":{\"@type\":\"ImageObject\",\"inLanguage\":\"pt-BR\",\"@id\":\"https:\\\/\\\/secure.gravatar.com\\\/avatar\\\/b060ff15bac35c12c8ce2e5b59f3ba5c97f616e58e941661489a9609f895f122?s=96&d=mm&r=g\",\"url\":\"https:\\\/\\\/secure.gravatar.com\\\/avatar\\\/b060ff15bac35c12c8ce2e5b59f3ba5c97f616e58e941661489a9609f895f122?s=96&d=mm&r=g\",\"contentUrl\":\"https:\\\/\\\/secure.gravatar.com\\\/avatar\\\/b060ff15bac35c12c8ce2e5b59f3ba5c97f616e58e941661489a9609f895f122?s=96&d=mm&r=g\",\"caption\":\"brasillacrosse.com\"},\"sameAs\":[\"http:\\\/\\\/brasillacrosse.com\"],\"url\":\"https:\\\/\\\/brasillacrosse.com\\\/pt\\\/author\\\/brasillacrosse-com\\\/\"}]}<\/script>\n<!-- \/ Yoast SEO plugin. -->","yoast_head_json":{"title":"Titus Andrew Sousa Chapman Makes History at the Pr\u00eamio Brasil Ol\u00edmpico - THE BRAZILIAN LACROSSE CONFEDERATION","robots":{"index":"index","follow":"follow","max-snippet":"max-snippet:-1","max-image-preview":"max-image-preview:large","max-video-preview":"max-video-preview:-1"},"canonical":"https:\/\/brasillacrosse.com\/pt\/titus-andrew-sousa-chapman-makes-history-at-the-premio-brasil-olimpico\/","og_locale":"pt_BR","og_type":"article","og_title":"Titus Andrew Sousa Chapman Makes History at the Pr\u00eamio Brasil Ol\u00edmpico - THE BRAZILIAN LACROSSE CONFEDERATION","og_description":"Titus Andrew Sousa Chapman Makes History at the Pr\u00eamio Brasil Ol\u00edmpico Photo Credits: Vanessa Velasquez December 11, 2025 The Brazilian [&hellip;]","og_url":"https:\/\/brasillacrosse.com\/pt\/titus-andrew-sousa-chapman-makes-history-at-the-premio-brasil-olimpico\/","og_site_name":"THE BRAZILIAN LACROSSE CONFEDERATION","article_published_time":"2026-03-03T12:04:57+00:00","article_modified_time":"2026-03-12T12:21:09+00:00","og_image":[{"width":998,"height":707,"url":"https:\/\/brasillacrosse.com\/wp-content\/uploads\/2026\/03\/Tito_PBOarticle-e1773318031223.jpg","type":"image\/jpeg"}],"author":"brasillacrosse.com","twitter_card":"summary_large_image","twitter_misc":{"Escrito por":"brasillacrosse.com","Est. tempo de leitura":"4 minutos"},"schema":{"@context":"https:\/\/schema.org","@graph":[{"@type":"Article","@id":"https:\/\/brasillacrosse.com\/titus-andrew-sousa-chapman-makes-history-at-the-premio-brasil-olimpico\/#article","isPartOf":{"@id":"https:\/\/brasillacrosse.com\/titus-andrew-sousa-chapman-makes-history-at-the-premio-brasil-olimpico\/"},"author":{"name":"brasillacrosse.com","@id":"https:\/\/brasillacrosse.com\/#\/schema\/person\/57a04e933555afc21207636fcbc2f2f0"},"headline":"Titus Andrew Sousa Chapman Makes History at the Pr\u00eamio Brasil Ol\u00edmpico","datePublished":"2026-03-03T12:04:57+00:00","dateModified":"2026-03-12T12:21:09+00:00","mainEntityOfPage":{"@id":"https:\/\/brasillacrosse.com\/titus-andrew-sousa-chapman-makes-history-at-the-premio-brasil-olimpico\/"},"wordCount":643,"commentCount":0,"publisher":{"@id":"https:\/\/brasillacrosse.com\/#organization"},"image":{"@id":"https:\/\/brasillacrosse.com\/titus-andrew-sousa-chapman-makes-history-at-the-premio-brasil-olimpico\/#primaryimage"},"thumbnailUrl":"https:\/\/brasillacrosse.com\/wp-content\/uploads\/2026\/03\/Tito_PBOarticle-e1776416165184.jpg","articleSection":["Blog"],"inLanguage":"pt-BR","potentialAction":[{"@type":"CommentAction","name":"Comment","target":["https:\/\/brasillacrosse.com\/titus-andrew-sousa-chapman-makes-history-at-the-premio-brasil-olimpico\/#respond"]}]},{"@type":"WebPage","@id":"https:\/\/brasillacrosse.com\/titus-andrew-sousa-chapman-makes-history-at-the-premio-brasil-olimpico\/","url":"https:\/\/brasillacrosse.com\/titus-andrew-sousa-chapman-makes-history-at-the-premio-brasil-olimpico\/","name":"Titus Andrew Sousa Chapman Makes History at the Pr\u00eamio Brasil Ol\u00edmpico - THE BRAZILIAN LACROSSE CONFEDERATION","isPartOf":{"@id":"https:\/\/brasillacrosse.com\/#website"},"primaryImageOfPage":{"@id":"https:\/\/brasillacrosse.com\/titus-andrew-sousa-chapman-makes-history-at-the-premio-brasil-olimpico\/#primaryimage"},"image":{"@id":"https:\/\/brasillacrosse.com\/titus-andrew-sousa-chapman-makes-history-at-the-premio-brasil-olimpico\/#primaryimage"},"thumbnailUrl":"https:\/\/brasillacrosse.com\/wp-content\/uploads\/2026\/03\/Tito_PBOarticle-e1776416165184.jpg","datePublished":"2026-03-03T12:04:57+00:00","dateModified":"2026-03-12T12:21:09+00:00","breadcrumb":{"@id":"https:\/\/brasillacrosse.com\/titus-andrew-sousa-chapman-makes-history-at-the-premio-brasil-olimpico\/#breadcrumb"},"inLanguage":"pt-BR","potentialAction":[{"@type":"ReadAction","target":["https:\/\/brasillacrosse.com\/titus-andrew-sousa-chapman-makes-history-at-the-premio-brasil-olimpico\/"]}]},{"@type":"ImageObject","inLanguage":"pt-BR","@id":"https:\/\/brasillacrosse.com\/titus-andrew-sousa-chapman-makes-history-at-the-premio-brasil-olimpico\/#primaryimage","url":"https:\/\/brasillacrosse.com\/wp-content\/uploads\/2026\/03\/Tito_PBOarticle-e1776416165184.jpg","contentUrl":"https:\/\/brasillacrosse.com\/wp-content\/uploads\/2026\/03\/Tito_PBOarticle-e1776416165184.jpg","width":998,"height":670,"caption":"Titus Andrew Sousa Chapman Makes History at the Pr\u00eamio Brasil Ol\u00edmpico"},{"@type":"BreadcrumbList","@id":"https:\/\/brasillacrosse.com\/titus-andrew-sousa-chapman-makes-history-at-the-premio-brasil-olimpico\/#breadcrumb","itemListElement":[{"@type":"ListItem","position":1,"name":"Home","item":"https:\/\/brasillacrosse.com\/"},{"@type":"ListItem","position":2,"name":"Titus Andrew Sousa Chapman Makes History at the Pr\u00eamio Brasil Ol\u00edmpico"}]},{"@type":"WebSite","@id":"https:\/\/brasillacrosse.com\/#website","url":"https:\/\/brasillacrosse.com\/","name":"THE BRAZILIAN LACROSSE CONFEDERATION","description":"","publisher":{"@id":"https:\/\/brasillacrosse.com\/#organization"},"potentialAction":[{"@type":"SearchAction","target":{"@type":"EntryPoint","urlTemplate":"https:\/\/brasillacrosse.com\/?s={search_term_string}"},"query-input":{"@type":"PropertyValueSpecification","valueRequired":true,"valueName":"search_term_string"}}],"inLanguage":"pt-BR"},{"@type":"Organization","@id":"https:\/\/brasillacrosse.com\/#organization","name":"THE BRAZILIAN LACROSSE CONFEDERATION","url":"https:\/\/brasillacrosse.com\/","logo":{"@type":"ImageObject","inLanguage":"pt-BR","@id":"https:\/\/brasillacrosse.com\/#\/schema\/logo\/image\/","url":"https:\/\/brasillacrosse.com\/wp-content\/uploads\/2024\/09\/cropped-BRL-logo-flaticon.png","contentUrl":"https:\/\/brasillacrosse.com\/wp-content\/uploads\/2024\/09\/cropped-BRL-logo-flaticon.png","width":213,"height":212,"caption":"THE BRAZILIAN LACROSSE CONFEDERATION"},"image":{"@id":"https:\/\/brasillacrosse.com\/#\/schema\/logo\/image\/"}},{"@type":"Person","@id":"https:\/\/brasillacrosse.com\/#\/schema\/person\/57a04e933555afc21207636fcbc2f2f0","name":"brasillacrosse.com","image":{"@type":"ImageObject","inLanguage":"pt-BR","@id":"https:\/\/secure.gravatar.com\/avatar\/b060ff15bac35c12c8ce2e5b59f3ba5c97f616e58e941661489a9609f895f122?s=96&d=mm&r=g","url":"https:\/\/secure.gravatar.com\/avatar\/b060ff15bac35c12c8ce2e5b59f3ba5c97f616e58e941661489a9609f895f122?s=96&d=mm&r=g","contentUrl":"https:\/\/secure.gravatar.com\/avatar\/b060ff15bac35c12c8ce2e5b59f3ba5c97f616e58e941661489a9609f895f122?s=96&d=mm&r=g","caption":"brasillacrosse.com"},"sameAs":["http:\/\/brasillacrosse.com"],"url":"https:\/\/brasillacrosse.com\/pt\/author\/brasillacrosse-com\/"}]}},"_links":{"self":[{"href":"https:\/\/brasillacrosse.com\/pt\/wp-json\/wp\/v2\/posts\/1375","targetHints":{"allow":["GET"]}}],"collection":[{"href":"https:\/\/brasillacrosse.com\/pt\/wp-json\/wp\/v2\/posts"}],"about":[{"href":"https:\/\/brasillacrosse.com\/pt\/wp-json\/wp\/v2\/types\/post"}],"author":[{"embeddable":true,"href":"https:\/\/brasillacrosse.com\/pt\/wp-json\/wp\/v2\/users\/1"}],"replies":[{"embeddable":true,"href":"https:\/\/brasillacrosse.com\/pt\/wp-json\/wp\/v2\/comments?post=1375"}],"version-history":[{"count":13,"href":"https:\/\/brasillacrosse.com\/pt\/wp-json\/wp\/v2\/posts\/1375\/revisions"}],"predecessor-version":[{"id":1476,"href":"https:\/\/brasillacrosse.com\/pt\/wp-json\/wp\/v2\/posts\/1375\/revisions\/1476"}],"wp:featuredmedia":[{"embeddable":true,"href":"https:\/\/brasillacrosse.com\/pt\/wp-json\/wp\/v2\/media\/1376"}],"wp:attachment":[{"href":"https:\/\/brasillacrosse.com\/pt\/wp-json\/wp\/v2\/media?parent=1375"}],"wp:term":[{"taxonomy":"category","embeddable":true,"href":"https:\/\/brasillacrosse.com\/pt\/wp-json\/wp\/v2\/categories?post=1375"},{"taxonomy":"post_tag","embeddable":true,"href":"https:\/\/brasillacrosse.com\/pt\/wp-json\/wp\/v2\/tags?post=1375"}],"curies":[{"name":"wp","href":"https:\/\/api.w.org\/{rel}","templated":true}]}}