{"id":1385,"date":"2026-03-03T12:10:53","date_gmt":"2026-03-03T12:10:53","guid":{"rendered":"https:\/\/brasillacrosse.com\/?p=1385"},"modified":"2026-03-12T12:23:22","modified_gmt":"2026-03-12T12:23:22","slug":"brasil-makes-history-at-the-pala-sixes-cup-2025-%f0%9f%87%a7%f0%9f%87%b7%f0%9f%a5%8d","status":"publish","type":"post","link":"https:\/\/brasillacrosse.com\/pt\/brasil-makes-history-at-the-pala-sixes-cup-2025-%f0%9f%87%a7%f0%9f%87%b7%f0%9f%a5%8d\/","title":{"rendered":"Brasil faz hist\u00f3ria na PALA Sixes Cup 2025 \ud83c\udde7\ud83c\uddf7\ud83e\udd4d"},"content":{"rendered":"<div data-elementor-type=\"wp-post\" data-elementor-id=\"1385\" class=\"elementor elementor-1385\">\n\t\t\t\t\t\t<section class=\"elementor-section elementor-top-section elementor-element elementor-element-583d8e49 elementor-section-boxed elementor-section-height-default elementor-section-height-default\" data-id=\"583d8e49\" data-element_type=\"section\" data-e-type=\"section\">\n\t\t\t\t\t\t<div class=\"elementor-container elementor-column-gap-default\">\n\t\t\t\t\t<div class=\"elementor-column elementor-col-100 elementor-top-column elementor-element elementor-element-59907974\" data-id=\"59907974\" data-element_type=\"column\" data-e-type=\"column\">\n\t\t\t<div class=\"elementor-widget-wrap elementor-element-populated\">\n\t\t\t\t\t\t<section class=\"elementor-section elementor-inner-section elementor-element elementor-element-3e6cde35 elementor-section-boxed elementor-section-height-default elementor-section-height-default\" data-id=\"3e6cde35\" data-element_type=\"section\" data-e-type=\"section\">\n\t\t\t\t\t\t<div class=\"elementor-container elementor-column-gap-default\">\n\t\t\t\t\t<div class=\"elementor-column elementor-col-50 elementor-inner-column elementor-element elementor-element-739278a4\" data-id=\"739278a4\" data-element_type=\"column\" data-e-type=\"column\">\n\t\t\t<div class=\"elementor-widget-wrap elementor-element-populated\">\n\t\t\t\t\t\t<div class=\"elementor-element elementor-element-2225f1f5 elementor-widget elementor-widget-heading\" data-id=\"2225f1f5\" data-element_type=\"widget\" data-e-type=\"widget\" data-widget_type=\"heading.default\">\n\t\t\t\t<div class=\"elementor-widget-container\">\n\t\t\t\t\t<h1 class=\"elementor-heading-title elementor-size-default\">Brasil faz hist\u00f3ria na PALA Sixes Cup 2025 \ud83c\udde7\ud83c\uddf7\ud83e\udd4d\n<\/h1>\t\t\t\t<\/div>\n\t\t\t\t<\/div>\n\t\t\t\t<div class=\"elementor-element elementor-element-2afdb924 elementor-widget elementor-widget-image\" data-id=\"2afdb924\" data-element_type=\"widget\" data-e-type=\"widget\" data-widget_type=\"image.default\">\n\t\t\t\t<div class=\"elementor-widget-container\">\n\t\t\t\t\t\t\t\t\t\t\t\t\t\t\t<img fetchpriority=\"high\" decoding=\"async\" width=\"1024\" height=\"683\" src=\"https:\/\/brasillacrosse.com\/wp-content\/uploads\/2026\/03\/PALA-Sixes-Photo-1-1024x683.jpg\" class=\"attachment-large size-large wp-image-1387\" alt=\"Brasil Makes History at the PALA Sixes Cup 2025 \ud83c\udde7\ud83c\uddf7\ud83e\udd4d\" srcset=\"https:\/\/brasillacrosse.com\/wp-content\/uploads\/2026\/03\/PALA-Sixes-Photo-1-1024x683.jpg 1024w, https:\/\/brasillacrosse.com\/wp-content\/uploads\/2026\/03\/PALA-Sixes-Photo-1-300x200.jpg 300w, https:\/\/brasillacrosse.com\/wp-content\/uploads\/2026\/03\/PALA-Sixes-Photo-1-768x512.jpg 768w, https:\/\/brasillacrosse.com\/wp-content\/uploads\/2026\/03\/PALA-Sixes-Photo-1-1536x1024.jpg 1536w, https:\/\/brasillacrosse.com\/wp-content\/uploads\/2026\/03\/PALA-Sixes-Photo-1-2048x1365.jpg 2048w, https:\/\/brasillacrosse.com\/wp-content\/uploads\/2026\/03\/PALA-Sixes-Photo-1-18x12.jpg 18w\" sizes=\"(max-width: 1024px) 100vw, 1024px\" \/>\t\t\t\t\t\t\t\t\t\t\t\t\t\t\t<\/div>\n\t\t\t\t<\/div>\n\t\t\t\t<div class=\"elementor-element elementor-element-81da8a0 elementor-widget elementor-widget-text-editor\" data-id=\"81da8a0\" data-element_type=\"widget\" data-e-type=\"widget\" data-widget_type=\"text-editor.default\">\n\t\t\t\t<div class=\"elementor-widget-container\">\n\t\t\t\t\t\t\t\t\t<p><span style=\"font-weight: 400;\">Cr\u00e9ditos: Vanessa Velasquez\u00a0<\/span><\/p><p><b>Women\u2019s and Men\u2019s National Teams Compete at the Most Important Event of the Year<\/b><\/p><p><span style=\"font-weight: 400;\">Em dezembro de 2025, o Brasil Lacrosse viveu um momento decisivo com a participa\u00e7\u00e3o das Sele\u00e7\u00f5es Brasileiras Feminina e Masculina na PALA Sixes Cup, realizada em Humacao, Porto Rico. Considerado o evento mais importante de 2025 para a Confedera\u00e7\u00e3o Brasileira de Lacrosse (CBL), o torneio representou um passo significativo no fortalecimento da presen\u00e7a internacional do Brasil e no avan\u00e7o do pa\u00eds dentro do caminho ol\u00edmpico de longo prazo.<\/span><\/p><p>\u00a0<\/p><p><span style=\"font-weight: 400;\">A competi\u00e7\u00e3o reuniu sele\u00e7\u00f5es nacionais de toda a Am\u00e9rica \u2014 incluindo Haudenosaunee Nationals, Porto Rico, Argentina, Chile, M\u00e9xico, Peru e Brasil \u2014 todas disputando o formato din\u00e2mico do Sixes, que far\u00e1 sua estreia ol\u00edmpica nos Jogos Ol\u00edmpicos de Los Angeles 2028 (LA28).<\/span><\/p><p>\u00a0<\/p><p><b>Sele\u00e7\u00e3o Feminina: Estreia hist\u00f3rica e campanha muito pr\u00f3xima do p\u00f3dio<\/b><\/p><p><span style=\"font-weight: 400;\">A Sele\u00e7\u00e3o Feminina fez hist\u00f3ria em Porto Rico ao competir como a primeira Sele\u00e7\u00e3o Brasileira Feminina de Lacrosse em um evento internacional \u2014 e apresentou resultados que confirmam o Brasil como uma for\u00e7a emergente no Sixes lacrosse.<\/span><\/p><p><a href=\"https:\/\/stats.pointbench.com\/am\/pasxwcup\/2025\/\"><span style=\"font-weight: 400;\">Destaques do torneio &amp; classifica\u00e7\u00e3o<\/span><\/a><\/p><ul><li style=\"font-weight: 400;\" aria-level=\"1\"><span style=\"font-weight: 400;\">4\u00ba lugar geral, ficando muito pr\u00f3xima do p\u00f3dio ap\u00f3s a derrota por 9\u20138 para a Argentina na prorroga\u00e7\u00e3o<\/span><\/li><li style=\"font-weight: 400;\" aria-level=\"1\"><span style=\"font-weight: 400;\">Primeira vit\u00f3ria internacional da hist\u00f3ria: triunfo por 7\u20135 sobre o M\u00e9xico<\/span><\/li><li style=\"font-weight: 400;\" aria-level=\"1\"><span style=\"font-weight: 400;\">Classifica\u00e7\u00e3o final \u00e0 frente do M\u00e9xico, atualmente 15\u00ba colocado no ranking mundial<\/span><\/li><\/ul><p><span style=\"font-weight: 400;\">Para um programa rec\u00e9m-formado, as atletas brasileiras fizeram muito mais do que apenas participar \u2014 competiram em alto n\u00edvel, desafiaram sele\u00e7\u00f5es tradicionais e provaram que o Brasil pertence a esse cen\u00e1rio.<\/span><\/p><p><span style=\"font-weight: 400;\">Destaques ofensivos<\/span><\/p><ul><li style=\"font-weight: 400;\" aria-level=\"1\"><span style=\"font-weight: 400;\">Victoria Mrugalski (#21)<\/span><ul><li style=\"font-weight: 400;\" aria-level=\"2\"><span style=\"font-weight: 400;\">L\u00edder da equipe com 15 gols e 5 assist\u00eancias<\/span><\/li><li style=\"font-weight: 400;\" aria-level=\"2\"><span style=\"font-weight: 400;\">Amea\u00e7a ofensiva constante em todas as partidas<\/span><span style=\"font-weight: 400;\"><br \/><br \/><\/span><\/li><\/ul><\/li><li style=\"font-weight: 400;\" aria-level=\"1\"><span style=\"font-weight: 400;\">Chase Tollefson (#2, Capit\u00e3)<\/span><ul><li style=\"font-weight: 400;\" aria-level=\"2\"><span style=\"font-weight: 400;\">10 gols e 8 assist\u00eancias (maior n\u00famero de assist\u00eancias da equipe)<\/span><\/li><li style=\"font-weight: 400;\" aria-level=\"2\"><span style=\"font-weight: 400;\">Forte lideran\u00e7a e impacto ofensivo completo<\/span><span style=\"font-weight: 400;\"><br \/><br \/><\/span><\/li><\/ul><\/li><li style=\"font-weight: 400;\" aria-level=\"1\"><span style=\"font-weight: 400;\">Nora Lopes (#17)<\/span><ul><li style=\"font-weight: 400;\" aria-level=\"2\"><span style=\"font-weight: 400;\">11 gols e 4 assist\u00eancias<\/span><\/li><li style=\"font-weight: 400;\" aria-level=\"2\"><span style=\"font-weight: 400;\">Produ\u00e7\u00e3o consistente ao longo do torneio<\/span><span style=\"font-weight: 400;\"><br \/><br \/><\/span><\/li><\/ul><\/li><\/ul><p><span style=\"font-weight: 400;\">Goleira<\/span><\/p><ul><li style=\"font-weight: 400;\" aria-level=\"1\"><span style=\"font-weight: 400;\">Mackenzie Souza (#30)<\/span><ul><li style=\"font-weight: 400;\" aria-level=\"2\"><span style=\"font-weight: 400;\">37 defesas<\/span><\/li><li style=\"font-weight: 400;\" aria-level=\"2\"><span style=\"font-weight: 400;\">30% de aproveitamento<\/span><\/li><li style=\"font-weight: 400;\" aria-level=\"2\"><span style=\"font-weight: 400;\">Garantiu estabilidade e resili\u00eancia na primeira participa\u00e7\u00e3o internacional do Brasil<\/span><span style=\"font-weight: 400;\"><br \/><br \/><\/span><\/li><\/ul><\/li><\/ul><p><span style=\"font-weight: 400;\">A atua\u00e7\u00e3o da Sele\u00e7\u00e3o Feminina representa um marco fundamental para o lacrosse no Brasil, estabelecendo um novo padr\u00e3o, inspirando futuras atletas e criando bases s\u00f3lidas para disputas por medalhas nos pr\u00f3ximos ciclos.<\/span><\/p><p><b>Sele\u00e7\u00e3o Masculina: Resultados competitivos e Top 5 geral<\/b><\/p><p><span style=\"font-weight: 400;\">A Sele\u00e7\u00e3o Masculina manteve sua trajet\u00f3ria ascendente, competindo com confian\u00e7a contra programas internacionais experientes e conquistando uma coloca\u00e7\u00e3o entre as cinco melhores equipes do torneio.<\/span><\/p><p><a href=\"https:\/\/stats.pointbench.com\/am\/pasxmcup\/2025\/\"><span style=\"font-weight: 400;\">Resultados &amp; classifica\u00e7\u00e3o<\/span><\/a><\/p><ul><li style=\"font-weight: 400;\" aria-level=\"1\"><span style=\"font-weight: 400;\">Vit\u00f3ria por 26\u201318 contra o Peru<\/span><\/li><li style=\"font-weight: 400;\" aria-level=\"1\"><span style=\"font-weight: 400;\">Derrota por 21\u201320 para o M\u00e9xico na prorroga\u00e7\u00e3o<\/span><\/li><li style=\"font-weight: 400;\" aria-level=\"1\"><span style=\"font-weight: 400;\">5\u00ba lugar geral<\/span><span style=\"font-weight: 400;\"><br \/><br \/><\/span><\/li><\/ul><p><span style=\"font-weight: 400;\">Destaques individuais<\/span><\/p><ul><li style=\"font-weight: 400;\" aria-level=\"1\"><span style=\"font-weight: 400;\">Brooks van Esselstyn (#15)<\/span><ul><li style=\"font-weight: 400;\" aria-level=\"2\"><span style=\"font-weight: 400;\">25 gols e 5 assist\u00eancias (30 pontos)<\/span><\/li><li style=\"font-weight: 400;\" aria-level=\"2\"><span style=\"font-weight: 400;\">3\u00ba maior pontuador geral do torneio<\/span><span style=\"font-weight: 400;\"><br \/><br \/><\/span><\/li><\/ul><\/li><li style=\"font-weight: 400;\" aria-level=\"1\"><span style=\"font-weight: 400;\">Titus Andrew Sousa Chapman (#2, Capit\u00e3o)<\/span><ul><li style=\"font-weight: 400;\" aria-level=\"2\"><span style=\"font-weight: 400;\">18 gols e 5 assist\u00eancias (23 pontos)<\/span><\/li><li style=\"font-weight: 400;\" aria-level=\"2\"><span style=\"font-weight: 400;\">Entre os 10 maiores pontuadores da competi\u00e7\u00e3o<\/span><\/li><li style=\"font-weight: 400;\" aria-level=\"2\"><span style=\"font-weight: 400;\">Liderou o Brasil com consist\u00eancia, intensidade e maturidade competitiva<\/span><span style=\"font-weight: 400;\"><br \/><br \/><\/span><\/li><\/ul><\/li><li style=\"font-weight: 400;\" aria-level=\"1\"><span style=\"font-weight: 400;\">Wes Cutler (#1, Goleiro)<\/span><ul><li style=\"font-weight: 400;\" aria-level=\"2\"><span style=\"font-weight: 400;\">37% de aproveitamento<\/span><\/li><li style=\"font-weight: 400;\" aria-level=\"2\"><span style=\"font-weight: 400;\">Goleiro com o maior n\u00famero de defesas em todo o torneio<\/span><span style=\"font-weight: 400;\"><br \/><br \/><\/span><\/li><\/ul><\/li><\/ul><p><span style=\"font-weight: 400;\">A performance masculina refor\u00e7ou a credibilidade crescente do Brasil no Sixes lacrosse, al\u00e9m de evidenciar a evolu\u00e7\u00e3o do programa em profundidade, velocidade e execu\u00e7\u00e3o t\u00e1tica.<\/span><\/p>\t\t\t\t\t\t\t\t<\/div>\n\t\t\t\t<\/div>\n\t\t\t\t<div class=\"elementor-element elementor-element-34e58d3 elementor-widget elementor-widget-image\" data-id=\"34e58d3\" data-element_type=\"widget\" data-e-type=\"widget\" data-widget_type=\"image.default\">\n\t\t\t\t<div class=\"elementor-widget-container\">\n\t\t\t\t\t\t\t\t\t\t\t\t\t\t\t<img decoding=\"async\" width=\"1024\" height=\"683\" src=\"https:\/\/brasillacrosse.com\/wp-content\/uploads\/2026\/03\/PALA-Sixes-Photo-2-1024x683.jpg\" class=\"attachment-large size-large wp-image-1390\" alt=\"Looking Ahead: The Olympic Pathway\" srcset=\"https:\/\/brasillacrosse.com\/wp-content\/uploads\/2026\/03\/PALA-Sixes-Photo-2-1024x683.jpg 1024w, https:\/\/brasillacrosse.com\/wp-content\/uploads\/2026\/03\/PALA-Sixes-Photo-2-300x200.jpg 300w, https:\/\/brasillacrosse.com\/wp-content\/uploads\/2026\/03\/PALA-Sixes-Photo-2-768x512.jpg 768w, https:\/\/brasillacrosse.com\/wp-content\/uploads\/2026\/03\/PALA-Sixes-Photo-2-1536x1024.jpg 1536w, https:\/\/brasillacrosse.com\/wp-content\/uploads\/2026\/03\/PALA-Sixes-Photo-2-2048x1366.jpg 2048w, https:\/\/brasillacrosse.com\/wp-content\/uploads\/2026\/03\/PALA-Sixes-Photo-2-18x12.jpg 18w\" sizes=\"(max-width: 1024px) 100vw, 1024px\" \/>\t\t\t\t\t\t\t\t\t\t\t\t\t\t\t<\/div>\n\t\t\t\t<\/div>\n\t\t\t\t<div class=\"elementor-element elementor-element-5a5eed8 elementor-widget elementor-widget-text-editor\" data-id=\"5a5eed8\" data-element_type=\"widget\" data-e-type=\"widget\" data-widget_type=\"text-editor.default\">\n\t\t\t\t<div class=\"elementor-widget-container\">\n\t\t\t\t\t\t\t\t\t<p><span style=\"font-weight: 400;\">Cr\u00e9ditos: Vanessa Velasquez\u00a0<\/span><\/p><p><b>Olhando para o futuro: o caminho ol\u00edmpico<\/b><\/p><p><span style=\"font-weight: 400;\">A PALA Sixes Cup foi um passo crucial dentro do processo de qualifica\u00e7\u00e3o ol\u00edmpica. Agora, o foco do Brasil se volta para o Campeonato Pan-Americano de Sixes Lacrosse 2026, que ser\u00e1 realizado em Ontario, Canad\u00e1, e servir\u00e1 como evento classificat\u00f3rio regional para o World Lacrosse Sixes Championships.<\/span><\/p><p><span style=\"font-weight: 400;\">A hist\u00f3ria foi escrita em Porto Rico \u2014 e a jornada est\u00e1 apenas come\u00e7ando.<\/span><\/p><p><span style=\"font-weight: 400;\">Vamos, Brasil. \ud83c\udde7\ud83c\uddf7<\/span><\/p>\t\t\t\t\t\t\t\t<\/div>\n\t\t\t\t<\/div>\n\t\t\t\t\t<\/div>\n\t\t<\/div>\n\t\t\t\t<div class=\"elementor-column elementor-col-50 elementor-inner-column elementor-element elementor-element-1667aac1\" data-id=\"1667aac1\" data-element_type=\"column\" data-e-type=\"column\" data-settings=\"{&quot;background_background&quot;:&quot;classic&quot;}\">\n\t\t\t<div class=\"elementor-widget-wrap elementor-element-populated\">\n\t\t\t\t\t\t<div class=\"elementor-element elementor-element-582495b5 elementor-widget elementor-widget-heading\" data-id=\"582495b5\" data-element_type=\"widget\" data-e-type=\"widget\" data-widget_type=\"heading.default\">\n\t\t\t\t<div class=\"elementor-widget-container\">\n\t\t\t\t\t<h2 class=\"elementor-heading-title elementor-size-default\">Mais not\u00edcias e blogs para descobrir<\/h2>\t\t\t\t<\/div>\n\t\t\t\t<\/div>\n\t\t\t\t<div class=\"elementor-element elementor-element-3faeecbc elementor-widget elementor-widget-elementskit-blog-posts\" data-id=\"3faeecbc\" data-element_type=\"widget\" data-e-type=\"widget\" data-widget_type=\"elementskit-blog-posts.default\">\n\t\t\t\t<div class=\"elementor-widget-container\">\n\t\t\t\t\t<div class=\"ekit-wid-con\" >        <div id=\"post-items--3faeecbc\" class=\"row post-items\">\n                    <div class=\"col-md-12\">\n\n                                    <div class=\"elementskit-blog-block-post\">\n                        <div class=\"row no-gutters\">\n                            \n                            <div class=\"col-md-12 order-2\">\n                                <div class=\"elementskit-post-body\">\n                                    <div class=\"elementskit-entry-header\">\n                                        \n                                                                                            \t\t\t\t\t                                            \n                                            \n                                                                                            \t\t\t\t<h2 class=\"entry-title\">\n\t\t\t\t\t<a href=\"https:\/\/brasillacrosse.com\/pt\/titus-andrew-sousa-chapman-makes-history-at-the-premio-brasil-olimpico\/\">\n\t\t\t\t\t\tTitus Andrew Sousa Chapman faz hist\u00f3ria no Pr\u00eamio Brasil\u2026\t\t\t\t\t<\/a>\n\t\t\t\t<\/h2>\n\t\t\t                                                                                <\/div><!-- .elementskit-entry-header END -->\n\n                                                                            <div class=\"elementskit-post-footer\">\n                                                                                            <p>Titus Andrew Sousa Chapman faz hist\u00f3ria no Pr\u00eamio Brasil Ol\u00edmpico\nCr\u00e9ditos da foto: Vanessa Velasquez\n11 de dezembro de 2025\nO brasileiro\u2026<\/p>\n                                                                                                                                <\/div><!-- .elementskit-post-footer END -->\n                                                                    <\/div><!-- .elementskit-post-body END -->\n                            <\/div>\n                        <\/div>\n                    <\/div><!-- .elementskit-blog-block-post .radius .gradient-bg END -->\n                \n            <\/div>\n                    <div class=\"col-md-12\">\n\n                                    <div class=\"elementskit-blog-block-post\">\n                        <div class=\"row no-gutters\">\n                            \n                            <div class=\"col-md-12 order-2\">\n                                <div class=\"elementskit-post-body\">\n                                    <div class=\"elementskit-entry-header\">\n                                        \n                                                                                            \t\t\t\t\t                                            \n                                            \n                                                                                            \t\t\t\t<h2 class=\"entry-title\">\n\t\t\t\t\t<a href=\"https:\/\/brasillacrosse.com\/pt\/the-cbl-participates-in-the-safe-sport-forum-hosted-by-the-brazilian-olympic-committee-cob\/\">\n\t\t\t\t\t\tA CBL participa do F\u00f3rum de Esporte Seguro organizado por\u2026\t\t\t\t\t<\/a>\n\t\t\t\t<\/h2>\n\t\t\t                                                                                <\/div><!-- .elementskit-entry-header END -->\n\n                                                                            <div class=\"elementskit-post-footer\">\n                                                                                            <p>A CBL participa do F\u00f3rum de Esporte Seguro organizado pelo Comit\u00ea Ol\u00edmpico do Brasil (COB)\nEm novembro, o Vice-Presidente\u2026<\/p>\n                                                                                                                                <\/div><!-- .elementskit-post-footer END -->\n                                                                    <\/div><!-- .elementskit-post-body END -->\n                            <\/div>\n                        <\/div>\n                    <\/div><!-- .elementskit-blog-block-post .radius .gradient-bg END -->\n                \n            <\/div>\n                    <div class=\"col-md-12\">\n\n                                    <div class=\"elementskit-blog-block-post\">\n                        <div class=\"row no-gutters\">\n                            \n                            <div class=\"col-md-12 order-2\">\n                                <div class=\"elementskit-post-body\">\n                                    <div class=\"elementskit-entry-header\">\n                                        \n                                                                                            \t\t\t\t\t                                            \n                                            \n                                                                                            \t\t\t\t<h2 class=\"entry-title\">\n\t\t\t\t\t<a href=\"https:\/\/brasillacrosse.com\/pt\/interview-brasil-lacrosse\/\">\n\t\t\t\t\t\ts\u00e9rie de entrevistas no canal do Brasil Lacrosse\t\t\t\t\t<\/a>\n\t\t\t\t<\/h2>\n\t\t\t                                                                                <\/div><!-- .elementskit-entry-header END -->\n\n                                                                            <div class=\"elementskit-post-footer\">\n                                                                                            <p>Entrevista com a equipe Brasil Lacrosse\nVISITE NOSSO CANAL NO YOUTUBE\nExplore o lacrosse no Brasil com o canal do Brasil Lacrosse no YouTube\nSe\u2026<\/p>\n                                                                                                                                <\/div><!-- .elementskit-post-footer END -->\n                                                                    <\/div><!-- .elementskit-post-body END -->\n                            <\/div>\n                        <\/div>\n                    <\/div><!-- .elementskit-blog-block-post .radius .gradient-bg END -->\n                \n            <\/div>\n                <\/div>\n       <\/div>\t\t\t\t<\/div>\n\t\t\t\t<\/div>\n\t\t\t\t\t<\/div>\n\t\t<\/div>\n\t\t\t\t\t<\/div>\n\t\t<\/section>\n\t\t\t\t\t<\/div>\n\t\t<\/div>\n\t\t\t\t\t<\/div>\n\t\t<\/section>\n\t\t\t\t<\/div>","protected":false},"excerpt":{"rendered":"<p>Brasil Makes History at the PALA Sixes Cup 2025 \ud83c\udde7\ud83c\uddf7\ud83e\udd4d Photo Credits: Vanessa Velasquez\u00a0 Women\u2019s and Men\u2019s National Teams Compete [&hellip;]<\/p>\n","protected":false},"author":1,"featured_media":1387,"comment_status":"open","ping_status":"open","sticky":false,"template":"elementor_header_footer","format":"standard","meta":{"site-sidebar-layout":"default","site-content-layout":"","ast-site-content-layout":"","site-content-style":"default","site-sidebar-style":"default","ast-global-header-display":"disabled","ast-banner-title-visibility":"disabled","ast-main-header-display":"","ast-hfb-above-header-display":"","ast-hfb-below-header-display":"","ast-hfb-mobile-header-display":"","site-post-title":"","ast-breadcrumbs-content":"","ast-featured-img":"","footer-sml-layout":"","theme-transparent-header-meta":"","adv-header-id-meta":"","stick-header-meta":"","header-above-stick-meta":"","header-main-stick-meta":"","header-below-stick-meta":"","astra-migrate-meta-layouts":"default","ast-page-background-enabled":"default","ast-page-background-meta":{"desktop":{"background-color":"var(--ast-global-color-4)","background-image":"","background-repeat":"repeat","background-position":"center center","background-size":"auto","background-attachment":"scroll","background-type":"","background-media":"","overlay-type":"","overlay-color":"","overlay-gradient":""},"tablet":{"background-color":"","background-image":"","background-repeat":"repeat","background-position":"center center","background-size":"auto","background-attachment":"scroll","background-type":"","background-media":"","overlay-type":"","overlay-color":"","overlay-gradient":""},"mobile":{"background-color":"","background-image":"","background-repeat":"repeat","background-position":"center center","background-size":"auto","background-attachment":"scroll","background-type":"","background-media":"","overlay-type":"","overlay-color":"","overlay-gradient":""}},"ast-content-background-meta":{"desktop":{"background-color":"var(--ast-global-color-5)","background-image":"","background-repeat":"repeat","background-position":"center center","background-size":"auto","background-attachment":"scroll","background-type":"","background-media":"","overlay-type":"","overlay-color":"","overlay-gradient":""},"tablet":{"background-color":"var(--ast-global-color-5)","background-image":"","background-repeat":"repeat","background-position":"center center","background-size":"auto","background-attachment":"scroll","background-type":"","background-media":"","overlay-type":"","overlay-color":"","overlay-gradient":""},"mobile":{"background-color":"var(--ast-global-color-5)","background-image":"","background-repeat":"repeat","background-position":"center center","background-size":"auto","background-attachment":"scroll","background-type":"","background-media":"","overlay-type":"","overlay-color":"","overlay-gradient":""}},"footnotes":""},"categories":[1],"tags":[],"class_list":["post-1385","post","type-post","status-publish","format-standard","has-post-thumbnail","hentry","category-blog"],"yoast_head":"<!-- This site is optimized with the Yoast SEO plugin v27.5 - https:\/\/yoast.com\/product\/yoast-seo-wordpress\/ -->\n<title>Brasil Makes History at the PALA Sixes Cup 2025 \ud83c\udde7\ud83c\uddf7\ud83e\udd4d - THE BRAZILIAN LACROSSE CONFEDERATION<\/title>\n<meta name=\"description\" content=\"Brasil Makes History at the PALA Sixes Cup 2025 \ud83c\udde7\ud83c\uddf7\ud83e\udd4d\" \/>\n<meta name=\"robots\" content=\"index, follow, max-snippet:-1, max-image-preview:large, max-video-preview:-1\" \/>\n<link rel=\"canonical\" href=\"https:\/\/brasillacrosse.com\/pt\/brasil-makes-history-at-the-pala-sixes-cup-2025-\ud83c\udde7\ud83c\uddf7\ud83e\udd4d\/\" \/>\n<meta property=\"og:locale\" content=\"pt_BR\" \/>\n<meta property=\"og:type\" content=\"article\" \/>\n<meta property=\"og:title\" content=\"Brasil Makes History at the PALA Sixes Cup 2025 \ud83c\udde7\ud83c\uddf7\ud83e\udd4d - THE BRAZILIAN LACROSSE CONFEDERATION\" \/>\n<meta property=\"og:description\" content=\"Brasil Makes History at the PALA Sixes Cup 2025 \ud83c\udde7\ud83c\uddf7\ud83e\udd4d\" \/>\n<meta property=\"og:url\" content=\"https:\/\/brasillacrosse.com\/pt\/brasil-makes-history-at-the-pala-sixes-cup-2025-\ud83c\udde7\ud83c\uddf7\ud83e\udd4d\/\" \/>\n<meta property=\"og:site_name\" content=\"THE BRAZILIAN LACROSSE CONFEDERATION\" \/>\n<meta property=\"article:published_time\" content=\"2026-03-03T12:10:53+00:00\" \/>\n<meta property=\"article:modified_time\" content=\"2026-03-12T12:23:22+00:00\" \/>\n<meta property=\"og:image\" content=\"https:\/\/brasillacrosse.com\/wp-content\/uploads\/2026\/03\/PALA-Sixes-Photo-1-scaled.jpg\" \/>\n\t<meta property=\"og:image:width\" content=\"2560\" \/>\n\t<meta property=\"og:image:height\" content=\"1707\" \/>\n\t<meta property=\"og:image:type\" content=\"image\/jpeg\" \/>\n<meta name=\"author\" content=\"brasillacrosse.com\" \/>\n<meta name=\"twitter:card\" content=\"summary_large_image\" \/>\n<meta name=\"twitter:label1\" content=\"Escrito por\" \/>\n\t<meta name=\"twitter:data1\" content=\"brasillacrosse.com\" \/>\n\t<meta name=\"twitter:label2\" content=\"Est. tempo de leitura\" \/>\n\t<meta name=\"twitter:data2\" content=\"4 minutos\" \/>\n<script type=\"application\/ld+json\" class=\"yoast-schema-graph\">{\"@context\":\"https:\\\/\\\/schema.org\",\"@graph\":[{\"@type\":\"Article\",\"@id\":\"https:\\\/\\\/brasillacrosse.com\\\/brasil-makes-history-at-the-pala-sixes-cup-2025-%f0%9f%87%a7%f0%9f%87%b7%f0%9f%a5%8d\\\/#article\",\"isPartOf\":{\"@id\":\"https:\\\/\\\/brasillacrosse.com\\\/brasil-makes-history-at-the-pala-sixes-cup-2025-%f0%9f%87%a7%f0%9f%87%b7%f0%9f%a5%8d\\\/\"},\"author\":{\"name\":\"brasillacrosse.com\",\"@id\":\"https:\\\/\\\/brasillacrosse.com\\\/#\\\/schema\\\/person\\\/57a04e933555afc21207636fcbc2f2f0\"},\"headline\":\"Brasil Makes History at the PALA Sixes Cup 2025 \ud83c\udde7\ud83c\uddf7\ud83e\udd4d\",\"datePublished\":\"2026-03-03T12:10:53+00:00\",\"dateModified\":\"2026-03-12T12:23:22+00:00\",\"mainEntityOfPage\":{\"@id\":\"https:\\\/\\\/brasillacrosse.com\\\/brasil-makes-history-at-the-pala-sixes-cup-2025-%f0%9f%87%a7%f0%9f%87%b7%f0%9f%a5%8d\\\/\"},\"wordCount\":605,\"commentCount\":0,\"publisher\":{\"@id\":\"https:\\\/\\\/brasillacrosse.com\\\/#organization\"},\"image\":{\"@id\":\"https:\\\/\\\/brasillacrosse.com\\\/brasil-makes-history-at-the-pala-sixes-cup-2025-%f0%9f%87%a7%f0%9f%87%b7%f0%9f%a5%8d\\\/#primaryimage\"},\"thumbnailUrl\":\"https:\\\/\\\/brasillacrosse.com\\\/wp-content\\\/uploads\\\/2026\\\/03\\\/PALA-Sixes-Photo-1-scaled.jpg\",\"articleSection\":[\"Blog\"],\"inLanguage\":\"pt-BR\",\"potentialAction\":[{\"@type\":\"CommentAction\",\"name\":\"Comment\",\"target\":[\"https:\\\/\\\/brasillacrosse.com\\\/brasil-makes-history-at-the-pala-sixes-cup-2025-%f0%9f%87%a7%f0%9f%87%b7%f0%9f%a5%8d\\\/#respond\"]}]},{\"@type\":\"WebPage\",\"@id\":\"https:\\\/\\\/brasillacrosse.com\\\/brasil-makes-history-at-the-pala-sixes-cup-2025-%f0%9f%87%a7%f0%9f%87%b7%f0%9f%a5%8d\\\/\",\"url\":\"https:\\\/\\\/brasillacrosse.com\\\/brasil-makes-history-at-the-pala-sixes-cup-2025-%f0%9f%87%a7%f0%9f%87%b7%f0%9f%a5%8d\\\/\",\"name\":\"Brasil Makes History at the PALA Sixes Cup 2025 \ud83c\udde7\ud83c\uddf7\ud83e\udd4d - THE BRAZILIAN LACROSSE CONFEDERATION\",\"isPartOf\":{\"@id\":\"https:\\\/\\\/brasillacrosse.com\\\/#website\"},\"primaryImageOfPage\":{\"@id\":\"https:\\\/\\\/brasillacrosse.com\\\/brasil-makes-history-at-the-pala-sixes-cup-2025-%f0%9f%87%a7%f0%9f%87%b7%f0%9f%a5%8d\\\/#primaryimage\"},\"image\":{\"@id\":\"https:\\\/\\\/brasillacrosse.com\\\/brasil-makes-history-at-the-pala-sixes-cup-2025-%f0%9f%87%a7%f0%9f%87%b7%f0%9f%a5%8d\\\/#primaryimage\"},\"thumbnailUrl\":\"https:\\\/\\\/brasillacrosse.com\\\/wp-content\\\/uploads\\\/2026\\\/03\\\/PALA-Sixes-Photo-1-scaled.jpg\",\"datePublished\":\"2026-03-03T12:10:53+00:00\",\"dateModified\":\"2026-03-12T12:23:22+00:00\",\"description\":\"Brasil Makes History at the PALA Sixes Cup 2025 \ud83c\udde7\ud83c\uddf7\ud83e\udd4d\",\"breadcrumb\":{\"@id\":\"https:\\\/\\\/brasillacrosse.com\\\/brasil-makes-history-at-the-pala-sixes-cup-2025-%f0%9f%87%a7%f0%9f%87%b7%f0%9f%a5%8d\\\/#breadcrumb\"},\"inLanguage\":\"pt-BR\",\"potentialAction\":[{\"@type\":\"ReadAction\",\"target\":[\"https:\\\/\\\/brasillacrosse.com\\\/brasil-makes-history-at-the-pala-sixes-cup-2025-%f0%9f%87%a7%f0%9f%87%b7%f0%9f%a5%8d\\\/\"]}]},{\"@type\":\"ImageObject\",\"inLanguage\":\"pt-BR\",\"@id\":\"https:\\\/\\\/brasillacrosse.com\\\/brasil-makes-history-at-the-pala-sixes-cup-2025-%f0%9f%87%a7%f0%9f%87%b7%f0%9f%a5%8d\\\/#primaryimage\",\"url\":\"https:\\\/\\\/brasillacrosse.com\\\/wp-content\\\/uploads\\\/2026\\\/03\\\/PALA-Sixes-Photo-1-scaled.jpg\",\"contentUrl\":\"https:\\\/\\\/brasillacrosse.com\\\/wp-content\\\/uploads\\\/2026\\\/03\\\/PALA-Sixes-Photo-1-scaled.jpg\",\"width\":2560,\"height\":1707,\"caption\":\"Brasil Makes History at the PALA Sixes Cup 2025 \ud83c\udde7\ud83c\uddf7\ud83e\udd4d\"},{\"@type\":\"BreadcrumbList\",\"@id\":\"https:\\\/\\\/brasillacrosse.com\\\/brasil-makes-history-at-the-pala-sixes-cup-2025-%f0%9f%87%a7%f0%9f%87%b7%f0%9f%a5%8d\\\/#breadcrumb\",\"itemListElement\":[{\"@type\":\"ListItem\",\"position\":1,\"name\":\"Home\",\"item\":\"https:\\\/\\\/brasillacrosse.com\\\/\"},{\"@type\":\"ListItem\",\"position\":2,\"name\":\"Brasil Makes History at the PALA Sixes Cup 2025 \ud83c\udde7\ud83c\uddf7\ud83e\udd4d\"}]},{\"@type\":\"WebSite\",\"@id\":\"https:\\\/\\\/brasillacrosse.com\\\/#website\",\"url\":\"https:\\\/\\\/brasillacrosse.com\\\/\",\"name\":\"THE BRAZILIAN LACROSSE CONFEDERATION\",\"description\":\"\",\"publisher\":{\"@id\":\"https:\\\/\\\/brasillacrosse.com\\\/#organization\"},\"potentialAction\":[{\"@type\":\"SearchAction\",\"target\":{\"@type\":\"EntryPoint\",\"urlTemplate\":\"https:\\\/\\\/brasillacrosse.com\\\/?s={search_term_string}\"},\"query-input\":{\"@type\":\"PropertyValueSpecification\",\"valueRequired\":true,\"valueName\":\"search_term_string\"}}],\"inLanguage\":\"pt-BR\"},{\"@type\":\"Organization\",\"@id\":\"https:\\\/\\\/brasillacrosse.com\\\/#organization\",\"name\":\"THE BRAZILIAN LACROSSE CONFEDERATION\",\"url\":\"https:\\\/\\\/brasillacrosse.com\\\/\",\"logo\":{\"@type\":\"ImageObject\",\"inLanguage\":\"pt-BR\",\"@id\":\"https:\\\/\\\/brasillacrosse.com\\\/#\\\/schema\\\/logo\\\/image\\\/\",\"url\":\"https:\\\/\\\/brasillacrosse.com\\\/wp-content\\\/uploads\\\/2024\\\/09\\\/cropped-BRL-logo-flaticon.png\",\"contentUrl\":\"https:\\\/\\\/brasillacrosse.com\\\/wp-content\\\/uploads\\\/2024\\\/09\\\/cropped-BRL-logo-flaticon.png\",\"width\":213,\"height\":212,\"caption\":\"THE BRAZILIAN LACROSSE CONFEDERATION\"},\"image\":{\"@id\":\"https:\\\/\\\/brasillacrosse.com\\\/#\\\/schema\\\/logo\\\/image\\\/\"}},{\"@type\":\"Person\",\"@id\":\"https:\\\/\\\/brasillacrosse.com\\\/#\\\/schema\\\/person\\\/57a04e933555afc21207636fcbc2f2f0\",\"name\":\"brasillacrosse.com\",\"image\":{\"@type\":\"ImageObject\",\"inLanguage\":\"pt-BR\",\"@id\":\"https:\\\/\\\/secure.gravatar.com\\\/avatar\\\/b060ff15bac35c12c8ce2e5b59f3ba5c97f616e58e941661489a9609f895f122?s=96&d=mm&r=g\",\"url\":\"https:\\\/\\\/secure.gravatar.com\\\/avatar\\\/b060ff15bac35c12c8ce2e5b59f3ba5c97f616e58e941661489a9609f895f122?s=96&d=mm&r=g\",\"contentUrl\":\"https:\\\/\\\/secure.gravatar.com\\\/avatar\\\/b060ff15bac35c12c8ce2e5b59f3ba5c97f616e58e941661489a9609f895f122?s=96&d=mm&r=g\",\"caption\":\"brasillacrosse.com\"},\"sameAs\":[\"http:\\\/\\\/brasillacrosse.com\"],\"url\":\"https:\\\/\\\/brasillacrosse.com\\\/pt\\\/author\\\/brasillacrosse-com\\\/\"}]}<\/script>\n<!-- \/ Yoast SEO plugin. -->","yoast_head_json":{"title":"Brasil Makes History at the PALA Sixes Cup 2025 \ud83c\udde7\ud83c\uddf7\ud83e\udd4d - THE BRAZILIAN LACROSSE CONFEDERATION","description":"Brasil faz hist\u00f3ria na PALA Sixes Cup 2025 \ud83c\udde7\ud83c\uddf7\ud83e\udd4d","robots":{"index":"index","follow":"follow","max-snippet":"max-snippet:-1","max-image-preview":"max-image-preview:large","max-video-preview":"max-video-preview:-1"},"canonical":"https:\/\/brasillacrosse.com\/pt\/brasil-makes-history-at-the-pala-sixes-cup-2025-\ud83c\udde7\ud83c\uddf7\ud83e\udd4d\/","og_locale":"pt_BR","og_type":"article","og_title":"Brasil Makes History at the PALA Sixes Cup 2025 \ud83c\udde7\ud83c\uddf7\ud83e\udd4d - THE BRAZILIAN LACROSSE CONFEDERATION","og_description":"Brasil Makes History at the PALA Sixes Cup 2025 \ud83c\udde7\ud83c\uddf7\ud83e\udd4d","og_url":"https:\/\/brasillacrosse.com\/pt\/brasil-makes-history-at-the-pala-sixes-cup-2025-\ud83c\udde7\ud83c\uddf7\ud83e\udd4d\/","og_site_name":"THE BRAZILIAN LACROSSE CONFEDERATION","article_published_time":"2026-03-03T12:10:53+00:00","article_modified_time":"2026-03-12T12:23:22+00:00","og_image":[{"width":2560,"height":1707,"url":"https:\/\/brasillacrosse.com\/wp-content\/uploads\/2026\/03\/PALA-Sixes-Photo-1-scaled.jpg","type":"image\/jpeg"}],"author":"brasillacrosse.com","twitter_card":"summary_large_image","twitter_misc":{"Escrito por":"brasillacrosse.com","Est. tempo de leitura":"4 minutos"},"schema":{"@context":"https:\/\/schema.org","@graph":[{"@type":"Article","@id":"https:\/\/brasillacrosse.com\/brasil-makes-history-at-the-pala-sixes-cup-2025-%f0%9f%87%a7%f0%9f%87%b7%f0%9f%a5%8d\/#article","isPartOf":{"@id":"https:\/\/brasillacrosse.com\/brasil-makes-history-at-the-pala-sixes-cup-2025-%f0%9f%87%a7%f0%9f%87%b7%f0%9f%a5%8d\/"},"author":{"name":"brasillacrosse.com","@id":"https:\/\/brasillacrosse.com\/#\/schema\/person\/57a04e933555afc21207636fcbc2f2f0"},"headline":"Brasil Makes History at the PALA Sixes Cup 2025 \ud83c\udde7\ud83c\uddf7\ud83e\udd4d","datePublished":"2026-03-03T12:10:53+00:00","dateModified":"2026-03-12T12:23:22+00:00","mainEntityOfPage":{"@id":"https:\/\/brasillacrosse.com\/brasil-makes-history-at-the-pala-sixes-cup-2025-%f0%9f%87%a7%f0%9f%87%b7%f0%9f%a5%8d\/"},"wordCount":605,"commentCount":0,"publisher":{"@id":"https:\/\/brasillacrosse.com\/#organization"},"image":{"@id":"https:\/\/brasillacrosse.com\/brasil-makes-history-at-the-pala-sixes-cup-2025-%f0%9f%87%a7%f0%9f%87%b7%f0%9f%a5%8d\/#primaryimage"},"thumbnailUrl":"https:\/\/brasillacrosse.com\/wp-content\/uploads\/2026\/03\/PALA-Sixes-Photo-1-scaled.jpg","articleSection":["Blog"],"inLanguage":"pt-BR","potentialAction":[{"@type":"CommentAction","name":"Comment","target":["https:\/\/brasillacrosse.com\/brasil-makes-history-at-the-pala-sixes-cup-2025-%f0%9f%87%a7%f0%9f%87%b7%f0%9f%a5%8d\/#respond"]}]},{"@type":"WebPage","@id":"https:\/\/brasillacrosse.com\/brasil-makes-history-at-the-pala-sixes-cup-2025-%f0%9f%87%a7%f0%9f%87%b7%f0%9f%a5%8d\/","url":"https:\/\/brasillacrosse.com\/brasil-makes-history-at-the-pala-sixes-cup-2025-%f0%9f%87%a7%f0%9f%87%b7%f0%9f%a5%8d\/","name":"Brasil Makes History at the PALA Sixes Cup 2025 \ud83c\udde7\ud83c\uddf7\ud83e\udd4d - THE BRAZILIAN LACROSSE CONFEDERATION","isPartOf":{"@id":"https:\/\/brasillacrosse.com\/#website"},"primaryImageOfPage":{"@id":"https:\/\/brasillacrosse.com\/brasil-makes-history-at-the-pala-sixes-cup-2025-%f0%9f%87%a7%f0%9f%87%b7%f0%9f%a5%8d\/#primaryimage"},"image":{"@id":"https:\/\/brasillacrosse.com\/brasil-makes-history-at-the-pala-sixes-cup-2025-%f0%9f%87%a7%f0%9f%87%b7%f0%9f%a5%8d\/#primaryimage"},"thumbnailUrl":"https:\/\/brasillacrosse.com\/wp-content\/uploads\/2026\/03\/PALA-Sixes-Photo-1-scaled.jpg","datePublished":"2026-03-03T12:10:53+00:00","dateModified":"2026-03-12T12:23:22+00:00","description":"Brasil faz hist\u00f3ria na PALA Sixes Cup 2025 \ud83c\udde7\ud83c\uddf7\ud83e\udd4d","breadcrumb":{"@id":"https:\/\/brasillacrosse.com\/brasil-makes-history-at-the-pala-sixes-cup-2025-%f0%9f%87%a7%f0%9f%87%b7%f0%9f%a5%8d\/#breadcrumb"},"inLanguage":"pt-BR","potentialAction":[{"@type":"ReadAction","target":["https:\/\/brasillacrosse.com\/brasil-makes-history-at-the-pala-sixes-cup-2025-%f0%9f%87%a7%f0%9f%87%b7%f0%9f%a5%8d\/"]}]},{"@type":"ImageObject","inLanguage":"pt-BR","@id":"https:\/\/brasillacrosse.com\/brasil-makes-history-at-the-pala-sixes-cup-2025-%f0%9f%87%a7%f0%9f%87%b7%f0%9f%a5%8d\/#primaryimage","url":"https:\/\/brasillacrosse.com\/wp-content\/uploads\/2026\/03\/PALA-Sixes-Photo-1-scaled.jpg","contentUrl":"https:\/\/brasillacrosse.com\/wp-content\/uploads\/2026\/03\/PALA-Sixes-Photo-1-scaled.jpg","width":2560,"height":1707,"caption":"Brasil Makes History at the PALA Sixes Cup 2025 \ud83c\udde7\ud83c\uddf7\ud83e\udd4d"},{"@type":"BreadcrumbList","@id":"https:\/\/brasillacrosse.com\/brasil-makes-history-at-the-pala-sixes-cup-2025-%f0%9f%87%a7%f0%9f%87%b7%f0%9f%a5%8d\/#breadcrumb","itemListElement":[{"@type":"ListItem","position":1,"name":"Home","item":"https:\/\/brasillacrosse.com\/"},{"@type":"ListItem","position":2,"name":"Brasil Makes History at the PALA Sixes Cup 2025 \ud83c\udde7\ud83c\uddf7\ud83e\udd4d"}]},{"@type":"WebSite","@id":"https:\/\/brasillacrosse.com\/#website","url":"https:\/\/brasillacrosse.com\/","name":"THE BRAZILIAN LACROSSE CONFEDERATION","description":"","publisher":{"@id":"https:\/\/brasillacrosse.com\/#organization"},"potentialAction":[{"@type":"SearchAction","target":{"@type":"EntryPoint","urlTemplate":"https:\/\/brasillacrosse.com\/?s={search_term_string}"},"query-input":{"@type":"PropertyValueSpecification","valueRequired":true,"valueName":"search_term_string"}}],"inLanguage":"pt-BR"},{"@type":"Organization","@id":"https:\/\/brasillacrosse.com\/#organization","name":"THE BRAZILIAN LACROSSE CONFEDERATION","url":"https:\/\/brasillacrosse.com\/","logo":{"@type":"ImageObject","inLanguage":"pt-BR","@id":"https:\/\/brasillacrosse.com\/#\/schema\/logo\/image\/","url":"https:\/\/brasillacrosse.com\/wp-content\/uploads\/2024\/09\/cropped-BRL-logo-flaticon.png","contentUrl":"https:\/\/brasillacrosse.com\/wp-content\/uploads\/2024\/09\/cropped-BRL-logo-flaticon.png","width":213,"height":212,"caption":"THE BRAZILIAN LACROSSE CONFEDERATION"},"image":{"@id":"https:\/\/brasillacrosse.com\/#\/schema\/logo\/image\/"}},{"@type":"Person","@id":"https:\/\/brasillacrosse.com\/#\/schema\/person\/57a04e933555afc21207636fcbc2f2f0","name":"brasillacrosse.com","image":{"@type":"ImageObject","inLanguage":"pt-BR","@id":"https:\/\/secure.gravatar.com\/avatar\/b060ff15bac35c12c8ce2e5b59f3ba5c97f616e58e941661489a9609f895f122?s=96&d=mm&r=g","url":"https:\/\/secure.gravatar.com\/avatar\/b060ff15bac35c12c8ce2e5b59f3ba5c97f616e58e941661489a9609f895f122?s=96&d=mm&r=g","contentUrl":"https:\/\/secure.gravatar.com\/avatar\/b060ff15bac35c12c8ce2e5b59f3ba5c97f616e58e941661489a9609f895f122?s=96&d=mm&r=g","caption":"brasillacrosse.com"},"sameAs":["http:\/\/brasillacrosse.com"],"url":"https:\/\/brasillacrosse.com\/pt\/author\/brasillacrosse-com\/"}]}},"_links":{"self":[{"href":"https:\/\/brasillacrosse.com\/pt\/wp-json\/wp\/v2\/posts\/1385","targetHints":{"allow":["GET"]}}],"collection":[{"href":"https:\/\/brasillacrosse.com\/pt\/wp-json\/wp\/v2\/posts"}],"about":[{"href":"https:\/\/brasillacrosse.com\/pt\/wp-json\/wp\/v2\/types\/post"}],"author":[{"embeddable":true,"href":"https:\/\/brasillacrosse.com\/pt\/wp-json\/wp\/v2\/users\/1"}],"replies":[{"embeddable":true,"href":"https:\/\/brasillacrosse.com\/pt\/wp-json\/wp\/v2\/comments?post=1385"}],"version-history":[{"count":10,"href":"https:\/\/brasillacrosse.com\/pt\/wp-json\/wp\/v2\/posts\/1385\/revisions"}],"predecessor-version":[{"id":1485,"href":"https:\/\/brasillacrosse.com\/pt\/wp-json\/wp\/v2\/posts\/1385\/revisions\/1485"}],"wp:featuredmedia":[{"embeddable":true,"href":"https:\/\/brasillacrosse.com\/pt\/wp-json\/wp\/v2\/media\/1387"}],"wp:attachment":[{"href":"https:\/\/brasillacrosse.com\/pt\/wp-json\/wp\/v2\/media?parent=1385"}],"wp:term":[{"taxonomy":"category","embeddable":true,"href":"https:\/\/brasillacrosse.com\/pt\/wp-json\/wp\/v2\/categories?post=1385"},{"taxonomy":"post_tag","embeddable":true,"href":"https:\/\/brasillacrosse.com\/pt\/wp-json\/wp\/v2\/tags?post=1385"}],"curies":[{"name":"wp","href":"https:\/\/api.w.org\/{rel}","templated":true}]}}